{"id":22383,"date":"2023-01-15T11:46:10","date_gmt":"2023-01-15T10:46:10","guid":{"rendered":"https:\/\/guides-mont-blanc707.e.wpstage.net\/?p=22383"},"modified":"2023-01-15T11:46:10","modified_gmt":"2023-01-15T10:46:10","slug":"tour-du-mont-blanc-par-lada","status":"publish","type":"post","link":"https:\/\/guides-mont-blanc.com\/en\/tour-du-mont-blanc-par-lada\/","title":{"rendered":"Le Tour du Mont Blanc par Lada"},"content":{"rendered":"<h3 style=\"text-align: left;\"><strong>Le Tour du Mont Blanc par Lada : en 7 jours du 10 au 16 juillet 2022, encadr\u00e9 par Lada Braud, accompagnatrice au Bureau des Guides de Saint Gervais-Les Contamines<\/strong><\/h3>\n<p>Retrouvez toutes les informations et les r\u00e9servations sur notre page : <a href=\"https:\/\/guides-mont-blanc.com\/activite-voyages\/randonnee-tour-du-mont-blanc\/\">Tour du Mont Blanc 7 jours<\/a>.<\/p>\n<p><a class=\"atbtn\" href=\"https:\/\/guides-mont-blanc.com\/wp-content\/uploads\/2022\/04\/FT-TOUR-DU-MONT-BLANC-7JOURS.pdf\" target=\"_blank\" rel=\"noopener\">D\u00e9couvrez la fiche technique de notre Tour du Mont Blanc en 7 jours<\/a><\/p>\n<p><a href=\"https:\/\/guides-mont-blanc.com\/tour-mont-blanc-7-jours-faq\/\">La Foire aux Questions du Tour du Mont Blanc : pour trouver les r\u00e9ponses \u00e0 toutes vos questions<\/a><\/p>\n<p>&nbsp;<\/p>\n<p>Voici le r\u00e9cit du Tour du Mont Blanc en 7 jours par Lada et son super groupe de randonneurs durant l&#8217;\u00e9t\u00e9 dernier.<\/p>\n<h4>La veille : rendez-vous avec l&#8217;ensemble des participants<\/h4>\n<p>Nous sommes le samedi 9 juillet 18h30 et je me rends, comme habituellement la veille de tous les d\u00e9parts des s\u00e9jours de randonn\u00e9e itin\u00e9rante au sein de la Compagnie des Guides de Saint Gervais\/les Contamines, au <a href=\"https:\/\/www.facebook.com\/profile.php?id=100054379695914\">bar &#8220;Les Rhodos&#8221;<\/a> aux Contamines-Montjoie. J&#8217;y retrouve lensemble des 11 participants \u00e0 ce projet si attendu du Tour du Mont Blanc (TMB) en 7 jrs.<\/p>\n<p>A larriv\u00e9e, des sourires et des accolades dans une ambiance comme si le groupe se connaissait depuis d\u00e9j\u00e0 un certain temps. Jobserve cela avec beaucoup dattention car cr\u00e9er une coh\u00e9sion dune famille recompos\u00e9e de 11 randonneurs qui \u00e9volueront ensemble en montagne pendant 7 jours, se r\u00e9v\u00e8le \u00eatre une des cl\u00e9s de r\u00e9ussite du projet dune telle envergure. Tout cela en parall\u00e8le de toute la pr\u00e9paration logistique, mat\u00e9rielle et physique, bien \u00e9videmment.<\/p>\n<p>En r\u00e9alit\u00e9 notre rdv du samedi au bar est un check final avant le d\u00e9part car notre groupe existe d\u00e9j\u00e0 depuis plusieurs semaines. Gr\u00e2ce aux outils de notre \u00e9poque moderne jai organis\u00e9 un appel vocal group\u00e9, via WhatsApp, 2 semaines en amont de notre d\u00e9part pour \u00e9changer principalement sur le mat\u00e9riel de la fiche technique (transmise bien en amont \u00e0 chaque randonneur) et quelques derniers pr\u00e9paratifs dentra\u00eenements. D\u00e9marche utile, n\u00e9cessaire mais surtout rassurante et confortable pour chacun. En r\u00e9alit\u00e9, cela sest d\u00e9roul\u00e9 en 2 rendez-vous t\u00e9l\u00e9phoniques \u00e0 distance car le groupe est compos\u00e9 dun groupe masculin de marathoniens nantais et un groupe f\u00e9minin de franco-cor\u00e9ennes, d\u00e9calage horaire oblige. Alida viendra compl\u00e9ter le rang des filles et avec moi-m\u00eame, cela nous fera un groupe \u00e0 parit\u00e9 \u00e9gale pour donner un top d\u00e9part le lendemain 8h30 aux Contamines.<\/p>\n<h4>Le trek en 7 jours : un plein d&#8217;\u00e9motions<\/h4>\n<h5>Spots de pique-niques<\/h5>\n<p>Le lendemain, le soleil nous accueille d\u00e8s le matin et ne nous quittera pas pendant les 7 jours de ce parcours magique. Quelle chance !<br \/>\n1\u00e8re journ\u00e9e avec linstallation de quelques routines matinales : pr\u00e9paration des bagages pour transfert (nous marchons seulement avec notre sac \u00e0 dos de la journ\u00e9e) et r\u00e9partition du pique-nique commun. Allez, ne tardons plus, lenvie des hauteurs et de la nature sauvage se font sentir.<\/p>\n<p>Enfin on y est : cheminement dans une nature \u00e0 couper le souffle, seuls, le moment si attendu. Les visages illumin\u00e9s de tous et le concours des superlatifs sublime, magnifique, fantastique, &#8220;incroyable&#8221; (et bien d&#8217;autres) n&#8217;accompagneront pas que cette 1\u00e8re journ\u00e9e mais tout le s\u00e9jour. Un bel endroit aupr\u00e8s dun petit lac nous ouvre davantage lapp\u00e9tit pour ce 1er pique-nique vari\u00e9, ponctu\u00e9 par ce caf\u00e9 au go\u00fbt daltitude avec quelques biscuits Bonne maman et une 1\u00e8re sieste ensoleill\u00e9e dune quinzaine de minutes.<\/p>\n<p>Un pur bonheur qui deviendra le rituel de toutes les pauses du midi. Cest celle dans un vallon sauvage, sous les Pyramides Calcaires apr\u00e8s avoir franchi le Col de la Seigne, qui sera \u00e9lue (apr\u00e8s un choix d\u00e9licat) le meilleur spot de pique-nique de notre TMB. Tout cela gr\u00e2ce \u00e0 son d\u00e9cor de carte postale du Val Veny italien (solitude, ruisseau, un tapis des fleurs de montagnes aux couleurs intenses, ciel bleu).<\/p>\n<p>Laccueil chaleureux au g\u00eete, au pied dune minuscule chapelle en pierre, au fond dun vallon coup\u00e9 du monde (eh oui, pas de r\u00e9seau t\u00e9l\u00e9phonique partout en montagne) est le must de cette 1\u00e8re journ\u00e9e.<\/p>\n<h5>Sur les sentiers<\/h5>\n<p>Le ton est donn\u00e9 et cest ainsi que nous encha\u00eenerons jour apr\u00e8s jour des itin\u00e9raires avec parties sauvages peu fr\u00e9quent\u00e9es et sections de litin\u00e9raire classique du Tour du Mont Blanc. Cela deviendra dailleurs une sorte de jeu pour tout le groupe : rep\u00e9rer, seulement \u00e0 la fr\u00e9quentation des sentiers, dans quelle portion nous nous trouvons. Tracer sur la carte nos variantes sauvages ainsi que le peu de cheminement sur litin\u00e9raire classique du Tour du Mont Blanc deviendra le rituel avant le repas du soir dans les refuges, avec le point pr\u00e9cis sur l\u00e9tape du lendemain. Chaque lieu parcouru sera ainsi charg\u00e9 dune histoire propre \u00e0 notre famille recompos\u00e9e.<\/p>\n<p>Et dun coup, comme si de rien n&#8217;\u00e9tait, nous voici tous, larmes aux yeux, devant la <a href=\"https:\/\/www.montblancnaturalresort.com\/fr\/domaine-ete-flegere\">t\u00e9l\u00e9cabine de la Fl\u00e9g\u00e8re<\/a> pour la descente \u00e0 Chamonix et le retour sur les Contamines.<br \/>\nD\u00e9j\u00e0 ? Eh oui, 7 jours se sont \u00e9coul\u00e9s depuis notre d\u00e9part et le compteur affiche pas loin de 100 km parcourus avec 6500 m de d\u00e9nivel\u00e9 positif r\u00e9alis\u00e9s.<\/p>\n<p>Bravo \u00e0 tous<br \/>\n&#8211; pour votre implication dans le suivi de toutes mes consignes (logistiques bien s\u00fbr mais surtout pendant l\u00e9volution dans les passages plus techniques du parcours).<br \/>\n&#8211; de votre curiosit\u00e9 sur ce monde fascinant de la montagne.<br \/>\n&#8211; et tout particuli\u00e8rement de votre bonne humeur partag\u00e9e le soir autour de bons repas servis dans les refuges o\u00f9 nous avons r\u00e9alis\u00e9 de bonnes d\u00e9gustations nologiques.<\/p>\n<p>Un petit air dapaisement appara\u00eet quand je conclus les 7 jours intenses ensemble par :  Allez  souriez . nous gardons contact . \u00e0 lann\u00e9e prochaine pour la suite des d\u00e9couvertes sauvages en <a href=\"https:\/\/guides-mont-blanc.com\/activite-voyages\/traversee-du-grand-paradis\/\">Travers\u00e9e du Grand Paradis<\/a>.<\/p>\n<p>Et voil\u00e0 l&#8217;aventure de ce Tour du Mont Blanc par Lada : nous esp\u00e9rons que cela vous aura donn\u00e9 envie de nous rejoindre sur les sentiers du TMB.<\/p>\n<p><img fetchpriority=\"high\" decoding=\"async\" class=\"alignnone size-medium wp-image-22396\" src=\"https:\/\/guides-mont-blanc.com\/wp-content\/uploads\/2022\/11\/Reconnexion-avec-la-nature-par-excellence-169x300.jpg\" alt=\"\" width=\"169\" height=\"300\" \/> <img decoding=\"async\" class=\"alignnone size-medium wp-image-22394\" src=\"https:\/\/guides-mont-blanc.com\/wp-content\/uploads\/2022\/11\/Pause-gouter-dans-le-Val-Ferret-italien-300x78.jpg\" alt=\"\" width=\"300\" height=\"78\" \/> <img decoding=\"async\" class=\"alignnone size-medium wp-image-22392\" src=\"https:\/\/guides-mont-blanc.com\/wp-content\/uploads\/2022\/11\/Magie-de-la-montagne-225x300.jpg\" alt=\"\" width=\"225\" height=\"300\" \/> <img loading=\"lazy\" decoding=\"async\" class=\"alignnone size-medium wp-image-22390\" src=\"https:\/\/guides-mont-blanc.com\/wp-content\/uploads\/2022\/11\/Fenetre-dArpette-206x300.jpg\" alt=\"\" width=\"206\" height=\"300\" \/> <img loading=\"lazy\" decoding=\"async\" class=\"alignnone size-medium wp-image-22388\" src=\"https:\/\/guides-mont-blanc.com\/wp-content\/uploads\/2022\/11\/En-chemin-vers-le-refuge-du-Col-de-la-Croix-du-Bonhomme-225x300.jpg\" alt=\"\" width=\"225\" height=\"300\" \/> <img loading=\"lazy\" decoding=\"async\" class=\"alignnone size-medium wp-image-22386\" src=\"https:\/\/guides-mont-blanc.com\/wp-content\/uploads\/2022\/11\/Dans-le-Val-Ferret-suisse-300x225.jpg\" alt=\"\" width=\"300\" height=\"225\" \/> <img loading=\"lazy\" decoding=\"async\" class=\"alignnone size-medium wp-image-22384\" src=\"https:\/\/guides-mont-blanc.com\/wp-content\/uploads\/2022\/11\/Bon-appetit-300x216.jpg\" alt=\"\" width=\"300\" height=\"216\" \/><\/p>\n","protected":false},"excerpt":{"rendered":"<p>Le Tour du Mont Blanc par Lada : en 7 jours du 10 au 16 juillet 2022, encadr\u00e9 par Lada Braud, accompagnatrice au Bureau des Guides de Saint Gervais-Les Contamines Retrouvez toutes les informations et les r\u00e9servations sur notre page : Tour du Mont Blanc 7 jours. D\u00e9couvrez la fiche technique de notre Tour du [&hellip;]<\/p>\n","protected":false},"author":4,"featured_media":22394,"comment_status":"closed","ping_status":"closed","sticky":false,"template":"","format":"standard","meta":{"footnotes":""},"categories":[96,107,249],"tags":[268,227,118,244,135,250,251,256,252,265],"class_list":["post-22383","post","type-post","status-publish","format-standard","has-post-thumbnail","hentry","category-montagne","category-randonnee-journee","category-tour-du-mont-blanc","tag-accompagnateurs-en-montagne","tag-italie","tag-randonnee","tag-refuges","tag-suisse","tag-tour-du-mont-blanc-7-jours","tag-tour-du-mont-blanc-les-contamines-montjoie","tag-tour-du-mont-blanc-sacs-legers","tag-tour-du-mont-blanc","tag-trek-2"],"yoast_head":"<!-- This site is optimized with the Yoast SEO plugin v27.4 - https:\/\/yoast.com\/product\/yoast-seo-wordpress\/ -->\n<title>Le Tour du Mont Blanc par Lada - Compagnie des Guides<\/title>\n<meta name=\"description\" content=\"Le Tour du Mont Blanc par Lada, ou l&#039;aventure d&#039;un groupe sur les sentiers du TMB qui laissent de beaux souvenirs de randonn\u00e9es.\" \/>\n<meta name=\"robots\" content=\"index, follow, max-snippet:-1, max-image-preview:large, max-video-preview:-1\" \/>\n<link rel=\"canonical\" href=\"https:\/\/guides-mont-blanc.com\/en\/tour-du-mont-blanc-par-lada\/\" \/>\n<meta property=\"og:locale\" content=\"en_US\" \/>\n<meta property=\"og:type\" content=\"article\" \/>\n<meta property=\"og:title\" content=\"Le Tour du Mont Blanc par Lada - Compagnie des Guides\" \/>\n<meta property=\"og:description\" content=\"Le Tour du Mont Blanc par Lada, ou l&#039;aventure d&#039;un groupe sur les sentiers du TMB qui laissent de beaux souvenirs de randonn\u00e9es.\" \/>\n<meta property=\"og:url\" content=\"https:\/\/guides-mont-blanc.com\/en\/tour-du-mont-blanc-par-lada\/\" \/>\n<meta property=\"og:site_name\" content=\"Compagnie des Guides\" \/>\n<meta property=\"article:published_time\" content=\"2023-01-15T10:46:10+00:00\" \/>\n<meta name=\"author\" content=\"Chlo\u00e9\" \/>\n<meta name=\"twitter:card\" content=\"summary_large_image\" \/>\n<meta name=\"twitter:label1\" content=\"Written by\" \/>\n\t<meta name=\"twitter:data1\" content=\"Chlo\u00e9\" \/>\n\t<meta name=\"twitter:label2\" content=\"Est. reading time\" \/>\n\t<meta name=\"twitter:data2\" content=\"7 minutes\" \/>\n<script type=\"application\/ld+json\" class=\"yoast-schema-graph\">{\"@context\":\"https:\\\/\\\/schema.org\",\"@graph\":[{\"@type\":\"Article\",\"@id\":\"https:\\\/\\\/guides-mont-blanc.com\\\/en\\\/tour-du-mont-blanc-par-lada\\\/#article\",\"isPartOf\":{\"@id\":\"https:\\\/\\\/guides-mont-blanc.com\\\/en\\\/tour-du-mont-blanc-par-lada\\\/\"},\"author\":{\"name\":\"Chlo\u00e9\",\"@id\":\"https:\\\/\\\/guides-mont-blanc.com\\\/en\\\/#\\\/schema\\\/person\\\/9871cbc26664e0160f66858a85906beb\"},\"headline\":\"Le Tour du Mont Blanc par Lada\",\"datePublished\":\"2023-01-15T10:46:10+00:00\",\"mainEntityOfPage\":{\"@id\":\"https:\\\/\\\/guides-mont-blanc.com\\\/en\\\/tour-du-mont-blanc-par-lada\\\/\"},\"wordCount\":1012,\"publisher\":{\"@id\":\"https:\\\/\\\/guides-mont-blanc.com\\\/en\\\/#organization\"},\"image\":{\"@id\":\"https:\\\/\\\/guides-mont-blanc.com\\\/en\\\/tour-du-mont-blanc-par-lada\\\/#primaryimage\"},\"thumbnailUrl\":\"\",\"keywords\":[\"Accompagnateurs en montagne\",\"Italie\",\"randonn\u00e9e\",\"refuges\",\"suisse\",\"Tour du Mont Blanc 7 jours\",\"Tour du Mont Blanc Les Contamines-Montjoie\",\"Tour du Mont Blanc sacs l\u00e9gers\",\"tour du mont-blanc\",\"Trek\"],\"articleSection\":[\"Montagne\",\"Randonn\u00e9e \u00e0 la journ\u00e9e\",\"Tour du Mont Blanc\"],\"inLanguage\":\"en-US\"},{\"@type\":\"WebPage\",\"@id\":\"https:\\\/\\\/guides-mont-blanc.com\\\/en\\\/tour-du-mont-blanc-par-lada\\\/\",\"url\":\"https:\\\/\\\/guides-mont-blanc.com\\\/en\\\/tour-du-mont-blanc-par-lada\\\/\",\"name\":\"Le Tour du Mont Blanc par Lada - Compagnie des Guides\",\"isPartOf\":{\"@id\":\"https:\\\/\\\/guides-mont-blanc.com\\\/en\\\/#website\"},\"primaryImageOfPage\":{\"@id\":\"https:\\\/\\\/guides-mont-blanc.com\\\/en\\\/tour-du-mont-blanc-par-lada\\\/#primaryimage\"},\"image\":{\"@id\":\"https:\\\/\\\/guides-mont-blanc.com\\\/en\\\/tour-du-mont-blanc-par-lada\\\/#primaryimage\"},\"thumbnailUrl\":\"\",\"datePublished\":\"2023-01-15T10:46:10+00:00\",\"description\":\"Le Tour du Mont Blanc par Lada, ou l'aventure d'un groupe sur les sentiers du TMB qui laissent de beaux souvenirs de randonn\u00e9es.\",\"breadcrumb\":{\"@id\":\"https:\\\/\\\/guides-mont-blanc.com\\\/en\\\/tour-du-mont-blanc-par-lada\\\/#breadcrumb\"},\"inLanguage\":\"en-US\",\"potentialAction\":[{\"@type\":\"ReadAction\",\"target\":[\"https:\\\/\\\/guides-mont-blanc.com\\\/en\\\/tour-du-mont-blanc-par-lada\\\/\"]}]},{\"@type\":\"ImageObject\",\"inLanguage\":\"en-US\",\"@id\":\"https:\\\/\\\/guides-mont-blanc.com\\\/en\\\/tour-du-mont-blanc-par-lada\\\/#primaryimage\",\"url\":\"\",\"contentUrl\":\"\"},{\"@type\":\"BreadcrumbList\",\"@id\":\"https:\\\/\\\/guides-mont-blanc.com\\\/en\\\/tour-du-mont-blanc-par-lada\\\/#breadcrumb\",\"itemListElement\":[{\"@type\":\"ListItem\",\"position\":1,\"name\":\"Accueil\",\"item\":\"https:\\\/\\\/guides-mont-blanc.com\\\/en\\\/\"},{\"@type\":\"ListItem\",\"position\":2,\"name\":\"Le Tour du Mont Blanc par Lada\"}]},{\"@type\":\"WebSite\",\"@id\":\"https:\\\/\\\/guides-mont-blanc.com\\\/en\\\/#website\",\"url\":\"https:\\\/\\\/guides-mont-blanc.com\\\/en\\\/\",\"name\":\"Compagnie des Guides\",\"description\":\"La Compagnie des Guides de Saint-Gervais \\\/ Les Contamines\",\"publisher\":{\"@id\":\"https:\\\/\\\/guides-mont-blanc.com\\\/en\\\/#organization\"},\"potentialAction\":[{\"@type\":\"SearchAction\",\"target\":{\"@type\":\"EntryPoint\",\"urlTemplate\":\"https:\\\/\\\/guides-mont-blanc.com\\\/en\\\/?s={search_term_string}\"},\"query-input\":{\"@type\":\"PropertyValueSpecification\",\"valueRequired\":true,\"valueName\":\"search_term_string\"}}],\"inLanguage\":\"en-US\"},{\"@type\":\"Organization\",\"@id\":\"https:\\\/\\\/guides-mont-blanc.com\\\/en\\\/#organization\",\"name\":\"Compagnie des Guides\",\"url\":\"https:\\\/\\\/guides-mont-blanc.com\\\/en\\\/\",\"logo\":{\"@type\":\"ImageObject\",\"inLanguage\":\"en-US\",\"@id\":\"https:\\\/\\\/guides-mont-blanc.com\\\/en\\\/#\\\/schema\\\/logo\\\/image\\\/\",\"url\":\"https:\\\/\\\/guides-mont-blanc.com\\\/wp-content\\\/uploads\\\/2020\\\/12\\\/Compagnie-des-Guides-Logo-blanc.svg\",\"contentUrl\":\"https:\\\/\\\/guides-mont-blanc.com\\\/wp-content\\\/uploads\\\/2020\\\/12\\\/Compagnie-des-Guides-Logo-blanc.svg\",\"width\":135,\"height\":178,\"caption\":\"Compagnie des Guides\"},\"image\":{\"@id\":\"https:\\\/\\\/guides-mont-blanc.com\\\/en\\\/#\\\/schema\\\/logo\\\/image\\\/\"}},{\"@type\":\"Person\",\"@id\":\"https:\\\/\\\/guides-mont-blanc.com\\\/en\\\/#\\\/schema\\\/person\\\/9871cbc26664e0160f66858a85906beb\",\"name\":\"Chlo\u00e9\",\"image\":{\"@type\":\"ImageObject\",\"inLanguage\":\"en-US\",\"@id\":\"https:\\\/\\\/secure.gravatar.com\\\/avatar\\\/3057a19ca6849242e51bfe790fde40da5d4ba5ef20430965071e2468f4add3c5?s=96&d=mm&r=g\",\"url\":\"https:\\\/\\\/secure.gravatar.com\\\/avatar\\\/3057a19ca6849242e51bfe790fde40da5d4ba5ef20430965071e2468f4add3c5?s=96&d=mm&r=g\",\"contentUrl\":\"https:\\\/\\\/secure.gravatar.com\\\/avatar\\\/3057a19ca6849242e51bfe790fde40da5d4ba5ef20430965071e2468f4add3c5?s=96&d=mm&r=g\",\"caption\":\"Chlo\u00e9\"},\"url\":\"https:\\\/\\\/guides-mont-blanc.com\\\/en\\\/author\\\/cv-admin\\\/\"}]}<\/script>\n<!-- \/ Yoast SEO plugin. -->","yoast_head_json":{"title":"Le Tour du Mont Blanc par Lada - Compagnie des Guides","description":"Le Tour du Mont Blanc par Lada, ou l'aventure d'un groupe sur les sentiers du TMB qui laissent de beaux souvenirs de randonn\u00e9es.","robots":{"index":"index","follow":"follow","max-snippet":"max-snippet:-1","max-image-preview":"max-image-preview:large","max-video-preview":"max-video-preview:-1"},"canonical":"https:\/\/guides-mont-blanc.com\/en\/tour-du-mont-blanc-par-lada\/","og_locale":"en_US","og_type":"article","og_title":"Le Tour du Mont Blanc par Lada - Compagnie des Guides","og_description":"Le Tour du Mont Blanc par Lada, ou l'aventure d'un groupe sur les sentiers du TMB qui laissent de beaux souvenirs de randonn\u00e9es.","og_url":"https:\/\/guides-mont-blanc.com\/en\/tour-du-mont-blanc-par-lada\/","og_site_name":"Compagnie des Guides","article_published_time":"2023-01-15T10:46:10+00:00","author":"Chlo\u00e9","twitter_card":"summary_large_image","twitter_misc":{"Written by":"Chlo\u00e9","Est. reading time":"7 minutes"},"schema":{"@context":"https:\/\/schema.org","@graph":[{"@type":"Article","@id":"https:\/\/guides-mont-blanc.com\/en\/tour-du-mont-blanc-par-lada\/#article","isPartOf":{"@id":"https:\/\/guides-mont-blanc.com\/en\/tour-du-mont-blanc-par-lada\/"},"author":{"name":"Chlo\u00e9","@id":"https:\/\/guides-mont-blanc.com\/en\/#\/schema\/person\/9871cbc26664e0160f66858a85906beb"},"headline":"Le Tour du Mont Blanc par Lada","datePublished":"2023-01-15T10:46:10+00:00","mainEntityOfPage":{"@id":"https:\/\/guides-mont-blanc.com\/en\/tour-du-mont-blanc-par-lada\/"},"wordCount":1012,"publisher":{"@id":"https:\/\/guides-mont-blanc.com\/en\/#organization"},"image":{"@id":"https:\/\/guides-mont-blanc.com\/en\/tour-du-mont-blanc-par-lada\/#primaryimage"},"thumbnailUrl":"","keywords":["Accompagnateurs en montagne","Italie","randonn\u00e9e","refuges","suisse","Tour du Mont Blanc 7 jours","Tour du Mont Blanc Les Contamines-Montjoie","Tour du Mont Blanc sacs l\u00e9gers","tour du mont-blanc","Trek"],"articleSection":["Montagne","Randonn\u00e9e \u00e0 la journ\u00e9e","Tour du Mont Blanc"],"inLanguage":"en-US"},{"@type":"WebPage","@id":"https:\/\/guides-mont-blanc.com\/en\/tour-du-mont-blanc-par-lada\/","url":"https:\/\/guides-mont-blanc.com\/en\/tour-du-mont-blanc-par-lada\/","name":"Le Tour du Mont Blanc par Lada - Compagnie des Guides","isPartOf":{"@id":"https:\/\/guides-mont-blanc.com\/en\/#website"},"primaryImageOfPage":{"@id":"https:\/\/guides-mont-blanc.com\/en\/tour-du-mont-blanc-par-lada\/#primaryimage"},"image":{"@id":"https:\/\/guides-mont-blanc.com\/en\/tour-du-mont-blanc-par-lada\/#primaryimage"},"thumbnailUrl":"","datePublished":"2023-01-15T10:46:10+00:00","description":"Le Tour du Mont Blanc par Lada, ou l'aventure d'un groupe sur les sentiers du TMB qui laissent de beaux souvenirs de randonn\u00e9es.","breadcrumb":{"@id":"https:\/\/guides-mont-blanc.com\/en\/tour-du-mont-blanc-par-lada\/#breadcrumb"},"inLanguage":"en-US","potentialAction":[{"@type":"ReadAction","target":["https:\/\/guides-mont-blanc.com\/en\/tour-du-mont-blanc-par-lada\/"]}]},{"@type":"ImageObject","inLanguage":"en-US","@id":"https:\/\/guides-mont-blanc.com\/en\/tour-du-mont-blanc-par-lada\/#primaryimage","url":"","contentUrl":""},{"@type":"BreadcrumbList","@id":"https:\/\/guides-mont-blanc.com\/en\/tour-du-mont-blanc-par-lada\/#breadcrumb","itemListElement":[{"@type":"ListItem","position":1,"name":"Accueil","item":"https:\/\/guides-mont-blanc.com\/en\/"},{"@type":"ListItem","position":2,"name":"Le Tour du Mont Blanc par Lada"}]},{"@type":"WebSite","@id":"https:\/\/guides-mont-blanc.com\/en\/#website","url":"https:\/\/guides-mont-blanc.com\/en\/","name":"Compagnie des Guides","description":"La Compagnie des Guides de Saint-Gervais \/ Les Contamines","publisher":{"@id":"https:\/\/guides-mont-blanc.com\/en\/#organization"},"potentialAction":[{"@type":"SearchAction","target":{"@type":"EntryPoint","urlTemplate":"https:\/\/guides-mont-blanc.com\/en\/?s={search_term_string}"},"query-input":{"@type":"PropertyValueSpecification","valueRequired":true,"valueName":"search_term_string"}}],"inLanguage":"en-US"},{"@type":"Organization","@id":"https:\/\/guides-mont-blanc.com\/en\/#organization","name":"Compagnie des Guides","url":"https:\/\/guides-mont-blanc.com\/en\/","logo":{"@type":"ImageObject","inLanguage":"en-US","@id":"https:\/\/guides-mont-blanc.com\/en\/#\/schema\/logo\/image\/","url":"https:\/\/guides-mont-blanc.com\/wp-content\/uploads\/2020\/12\/Compagnie-des-Guides-Logo-blanc.svg","contentUrl":"https:\/\/guides-mont-blanc.com\/wp-content\/uploads\/2020\/12\/Compagnie-des-Guides-Logo-blanc.svg","width":135,"height":178,"caption":"Compagnie des Guides"},"image":{"@id":"https:\/\/guides-mont-blanc.com\/en\/#\/schema\/logo\/image\/"}},{"@type":"Person","@id":"https:\/\/guides-mont-blanc.com\/en\/#\/schema\/person\/9871cbc26664e0160f66858a85906beb","name":"Chlo\u00e9","image":{"@type":"ImageObject","inLanguage":"en-US","@id":"https:\/\/secure.gravatar.com\/avatar\/3057a19ca6849242e51bfe790fde40da5d4ba5ef20430965071e2468f4add3c5?s=96&d=mm&r=g","url":"https:\/\/secure.gravatar.com\/avatar\/3057a19ca6849242e51bfe790fde40da5d4ba5ef20430965071e2468f4add3c5?s=96&d=mm&r=g","contentUrl":"https:\/\/secure.gravatar.com\/avatar\/3057a19ca6849242e51bfe790fde40da5d4ba5ef20430965071e2468f4add3c5?s=96&d=mm&r=g","caption":"Chlo\u00e9"},"url":"https:\/\/guides-mont-blanc.com\/en\/author\/cv-admin\/"}]}},"_links":{"self":[{"href":"https:\/\/guides-mont-blanc.com\/en\/wp-json\/wp\/v2\/posts\/22383","targetHints":{"allow":["GET"]}}],"collection":[{"href":"https:\/\/guides-mont-blanc.com\/en\/wp-json\/wp\/v2\/posts"}],"about":[{"href":"https:\/\/guides-mont-blanc.com\/en\/wp-json\/wp\/v2\/types\/post"}],"author":[{"embeddable":true,"href":"https:\/\/guides-mont-blanc.com\/en\/wp-json\/wp\/v2\/users\/4"}],"replies":[{"embeddable":true,"href":"https:\/\/guides-mont-blanc.com\/en\/wp-json\/wp\/v2\/comments?post=22383"}],"version-history":[{"count":0,"href":"https:\/\/guides-mont-blanc.com\/en\/wp-json\/wp\/v2\/posts\/22383\/revisions"}],"wp:featuredmedia":[{"embeddable":true,"href":"https:\/\/guides-mont-blanc.com\/en\/wp-json\/"}],"wp:attachment":[{"href":"https:\/\/guides-mont-blanc.com\/en\/wp-json\/wp\/v2\/media?parent=22383"}],"wp:term":[{"taxonomy":"category","embeddable":true,"href":"https:\/\/guides-mont-blanc.com\/en\/wp-json\/wp\/v2\/categories?post=22383"},{"taxonomy":"post_tag","embeddable":true,"href":"https:\/\/guides-mont-blanc.com\/en\/wp-json\/wp\/v2\/tags?post=22383"}],"curies":[{"name":"wp","href":"https:\/\/api.w.org\/{rel}","templated":true}]}}