{"id":15415,"date":"2020-09-24T17:08:14","date_gmt":"2020-09-24T15:08:14","guid":{"rendered":"https:\/\/guides-mont-blanc707.e.wpstage.net\/funambulisme-sur-larete-nord-du-weisshorn\/"},"modified":"2020-09-24T17:08:14","modified_gmt":"2020-09-24T15:08:14","slug":"arete-nord-du-weisshorn","status":"publish","type":"post","link":"https:\/\/guides-mont-blanc.com\/en\/arete-nord-du-weisshorn\/","title":{"rendered":"Funambulisme sur l&#8217;Ar\u00eate Nord du Weisshorn"},"content":{"rendered":"<h2><strong>Le Weisshorn, fiert\u00e9 des Valaisans, culminant \u00e0 4506m!\u00a0<\/strong><\/h2>\n<p style=\"text-align: left;\">Que fait un guide pendant ses vacances? &#8230;..il part en montagne! D\u00e9but Ao\u00fbt, nous partons entre copines pour un sommet qui nous a fait r\u00eaver dans nos d\u00e9buts d&#8217;alpinistes : Le Weisshorn (L&#8217;ar\u00eate Nord du Weisshorn)<\/p>\n<h2>Petit r\u00e9cap de l&#8217;histoire du Weisshorn<\/h2>\n<p style=\"text-align: left;\"><em>Cette imposante pyramide a \u00e9t\u00e9 gravie pour la premi\u00e8re fois en 1861 par le c\u00e9l\u00e8bre physicien irlandais John Tyndall et les guides JJ. Bennen et U. Wenger. Ils sont pass\u00e9s par l&#8217;ar\u00eate Est du Weisshorn, l&#8217;actuelle voie normale. L&#8217;alpiniste et \u00e9crivain <a href=\"http:\/\/www.lahaut.ch\/bibliotheque\/ecrits\/livres\/souvenirs-d-un-alpiniste\/ascension-du-weisshorn\">Emile Javelle<\/a> en a joliment cont\u00e9 la deuxi\u00e8me ascension. <\/em><em>34 ans plus tard les guides A. Imboden et JM. Biner escaladent la difficile ar\u00eate sud, la &#8220;Schaligrat&#8221; accompagn\u00e9 de l&#8217;anglais E. Broome. <\/em><em>L&#8217;ar\u00eate Nord du Weisshorn fut grimp\u00e9e en 1898 par H. Bielhy et son guide H. Burgener.\u00a0 <\/em><\/p>\n<p style=\"text-align: left;\"><em>Puis en 1900 G.W. Young ouvre une voie \u00e0 l&#8217;aplomb du Grand Gendarme. 2 ans plus tard, <a href=\"https:\/\/notrehistoire.ch\/entries\/XEVY73vwYGL\">une \u00e9quipe de guides Valaisans<\/a> l&#8217;\u00e9quipent de cordes fixes sur plus de 500m.\u00a0<\/em><\/p>\n<p style=\"text-align: left;\">Gaston R\u00e9buffat citait souvent l&#8217;Aiguille Verte comme <em>&#8220;la montagne sur laquelle on devenait montagnard&#8221;<\/em>, le Weisshorn est son \u00e9quivalent Valaisan!<\/p>\n\n<p style=\"text-align: left;\">Il y&#8217;a 10 ans nous d\u00e9couvrions ce sommet et son ar\u00eate nord depuis le Bishorn, &#8220;le 4000 des Dames&#8221;, lors d&#8217;un raid \u00e0 ski au cur de la couronne de Zinal ; \u00e0 cette \u00e9poque pas de demi-pensions dans les refuges, nous \u00e9tions parties avec du gaz et de la nourriture pour 5 jours sur le dos&#8230; Aujourd&#8217;hui le sc\u00e9nario se r\u00e9p\u00e8te : COVID oblige, il n&#8217;y&#8217;a plus de places \u00e0 la cabane du Tracuit! Nous quittons donc le parking charg\u00e9es de notre bivouac (matelas, duvet, gaz, petit diner sympathique, pyjama licorne&#8230;)<\/p>\n<p style=\"text-align: left;\">Les 1500m de mont\u00e9e se passent plut\u00f4t bien, d&#8217;abord en for\u00eat et \u00e0 l&#8217;ombre, puis dans la &#8220;presque fraicheur&#8221; des alpages du torrent du Barm\u00e9. Une ou deux pauses permettent \u00e0 nos petites \u00e9paules de souffler un peu. Enfin nous arrivons aux cha\u00eenes du col du tracuit, et \u00e0 midi nous trouvons notre emplacement de bivouac 6 \u00e9toiles!<\/p>\n<p style=\"text-align: left;\">L&#8217;apr\u00e8s-midi est consacr\u00e9 \u00e0 siester au soleil, \u00e0 secourir les alpinistes qui tr\u00e9buchent malencontreusement dans le pierrier devant nous, puis \u00e0 re-siester! Puis un peu de yoga, une soupe et au lit!<\/p>\n<h2>R\u00e9cit de l&#8217;ascension de l&#8217;ar\u00eate Nord du Weisshorn<\/h2>\n\n<p style=\"text-align: left;\">1h, le r\u00e9veil sonne, le ciel est \u00e9toil\u00e9, la Lune scintille tellement qu&#8217;on pourrait presque se passer des frontales!<br \/>\nLa marche d&#8217;approche est d\u00e9j\u00e0 un sommet en soi ; les 1000m de mont\u00e9e nous \u00e9prouvent un peu. Ana\u00efs est peu acclimat\u00e9e, je suis en d\u00e9but de rhume&#8230; Belle \u00e9quipe!! Le sommet du Bishorn nous accueille enfin \u00e0 4151m, frais et vent\u00e9 ; notre terrain de jeu favori nous attend , une belle ar\u00eate mixte effil\u00e9e!<\/p>\n<p style=\"text-align: left;\">La premi\u00e8re partie de l&#8217;ar\u00eate est neigeuse et nous avan\u00e7ons bien. Le regel est bon, les crampons mordent bien. Un premier passage rocheux nous r\u00e9veille un peu, puis nous retrouvons la neige jusqu&#8217;\u00e0 l&#8217;\u00e9paule 4202m. La partie technique commence, nous sortons la quincaillerie (friends, coinceurs, quelques d\u00e9gaines et beaucoup de sangles).<\/p>\n<p style=\"text-align: left;\">Ana\u00efs part en ascendance \u00e0 gauche sur un ensemble de rampes peu saines&#8230; 20m plus haut le rocher est meilleur, et nous prenons pied sur le sommet du premier ressaut. Le jour commence \u00e0 pointer le bout de son nez, pour le soleil il faudra encore attendre! Un guide suisse et son client nous rattrapent ; nous les laissons filer avant la premi\u00e8re d\u00e9sescalade, raide mais bien fournie en prises (possibilit\u00e9 de descendre en rappel sur 10m). 50m plus loin une deuxi\u00e8me d\u00e9sescalade nous attend, plus raide. C&#8217;est le fameux passage en 4a que nous remonterons au retour&#8230;<\/p>\n\n<p style=\"text-align: left;\">La suite de l&#8217;ar\u00eate est assez facile mais a\u00e9rienne ; la petite couche de neige tomb\u00e9e 2 jours avant ne g\u00e8ne en rien l&#8217;ascension. Nous arrivons au pied de la &#8220;dalle verglac\u00e9e&#8221;, passage qui peut poser probl\u00e8me selon les conditions. Nous avons encore les crampons et la dalle est plus en neige qu&#8217;en glace, du coup &#8220;\u00e7a passe cr\u00e8me&#8221;! Deux plaquettes permettent de s&#8217;assurer correctement, et un relais confort nous attend sur une belle terrasse.<\/p>\n<p style=\"text-align: left;\">8h, nous rejoignons le pied du Grand Gendarme.<\/p>\n<p style=\"text-align: left;\">Nous sommes un poil en retard sur l&#8217;horaire pr\u00e9vu alors nous prenons le temps de faire un petit point ; analyse des risques <em>m\u00e9thode 3X3 : m\u00e9t\u00e9o &#8211; conditions &#8211; humain<\/em> :<\/p>\n<ul style=\"text-align: left;\">\n<li style=\"text-align: justify;\">la suite est encore longue et nous sommes plut\u00f4t en &#8220;petite forme&#8221;. Nous pensons aussi au retour qui demandera pas mal d&#8217;\u00e9nergie et de concentration.<\/li>\n<li style=\"text-align: justify;\">L&#8217;ar\u00eate est encore enneig\u00e9e mais \u00e7a ne g\u00e8ne pas la progression, m\u00eame si objectivement \u00e7a ralenti un peu de grimper en crampons.<\/li>\n<li style=\"text-align: justify;\">La m\u00e9t\u00e9o annonc\u00e9e au beau fixe se confirme pour le moment, pas d&#8217;orages pr\u00e9vus.<\/li>\n<li style=\"text-align: justify;\">Nous avions pr\u00e9vu assez \u00e0 manger pour redormir au bivouac et donc pr\u00e9vu de redescendre par le m\u00eame itin\u00e9raire.<\/li>\n<\/ul>\n<p style=\"text-align: left;\"><strong>Conclusion<\/strong> : nous fixons une barri\u00e8re horaire \u00e0 12h afin de redescendre le tourment\u00e9 glacier du Turtmann de jour, et sommes d&#8217;accord pour faire 1\/2 tour \u00e0 tout moment si l&#8217;une d&#8217;entre nous ne se sens plus suffisamment en forme pour \u00e9voluer en s\u00e9curit\u00e9. De m\u00eame nous nous surveillerons mutuellement afin d&#8217;\u00e9viter tout &#8220;boulette&#8221; ou faute d&#8217;inattention\u00a0 dans la descente!<\/p>\n\n<p style=\"text-align: left;\">Fin de la discussion, d\u00e9but de l&#8217;escalade! Nous avons pos\u00e9 les crampons et je pars dans les belles longueurs d&#8217;escalade du Grand Gendarme. 2 longueurs de 25m en bon granit remontent un di\u00e8dre ouvert bien fourni en prises. Les derniers m\u00e8tres bien raides tirent un peu sur les bras ; l&#8217;escalade \u00e0 4000 avec un sac peut demander quelques efforts suppl\u00e9mentaires! Relais chain\u00e9 sur une belle terrasse, puis Ana\u00efs repars devant pour rejoindre le fil de l&#8217;ar\u00eate 10m plus haut.<\/p>\n<p style=\"text-align: left;\">Encore quelques pas d&#8217;escalade nous attendent, puis une grande travers\u00e9e sous le sommet du Grand Gendarme nous am\u00e8ne sur la neige, au pied de l&#8217;ar\u00eate sommitale.<\/p>\n<p style=\"text-align: left;\"><em>Il est 9h45, deuxi\u00e8me point &#8220;gestion du risque&#8221; : nous abaissons notre barri\u00e8re horaire \u00e0 11h30, et passons en mode &#8220;vigilance avanc\u00e9&#8221; afin de bien cramponner. Nous laissons une partie du mat\u00e9riel techniques sur un rocher afin de s&#8217;all\u00e9ger un peu.<\/em><\/p>\n<p style=\"text-align: left;\">L&#8217;ar\u00eate sommitale est magnifique, objectivement une des plus esth\u00e9tiques des Alpes! Longue ar\u00eate neigeuse tr\u00e8s effil\u00e9e et bien raide, pas question de s&#8217;emm\u00ealer les crampons! Les 200m de mont\u00e9e sont difficiles pour les jambes,\u00a0 nous avan\u00e7ons lentement mais surement. Un pas apr\u00e8s l&#8217;autre,\u00a0 les 8 pointes bien ancr\u00e9es, pointe du piolet bien plant\u00e9e. 11h, la croix sommitale nous accueille! Nous prenons le temps de faire une vraie pause afin de manger, boire et s&#8217;assoir un moment! 3 cord\u00e9es sont d\u00e9j\u00e0 dans la redescente de l&#8217;ar\u00eate Est, et une 4\u00e8me arrive au sommet, bien fatigu\u00e9e \u00e9galement.<\/p>\n\n<p style=\"text-align: left;\">Petites photos et nous prenons le chemin de la descente.\u00a0\u00a0Concentr\u00e9es et appliqu\u00e9es afin de rendre <a href=\"http:\/\/aventuralpines.over-blog.com\/article-3857222.html\">Armand Charlet<\/a> fier de notre cramponnage sur cette ar\u00eate effil\u00e9e, nous rejoignons notre &#8220;grappe de matos&#8221; au d\u00e9part des rochers. Grande travers\u00e9e mixte puis d\u00e9sescalade rocheuse, et nous rejoignons les rappels du Grand Gendarme. Chain\u00e9s et confortables, nous en tirons deux de 25m pour rejoindre la terrasse de d\u00e9part. Puis nous sommes de retour sur le fil de l&#8217;ar\u00eate, alternant marche d&#8217;\u00e9quilibristes, passages l\u00e9g\u00e8rement enneig\u00e9s et petits pas de d\u00e9sescalades. La descente demande de la concentration mais ne mange pas autant d&#8217;\u00e9nergie! Nous avons gard\u00e9 les crampons afin d&#8217;\u00e9viter toute &#8220;zipette&#8221; (<em>comprendre &#8220;pied qui glisse sur un morceaux de rocher verglac\u00e9 ou enneig\u00e9&#8230;&#8221;<\/em>) ; avec le petit vent froid la neige n&#8217;a pas beaucoup fondu ce matin. Nous arrivons \u00e0 la &#8220;dalle verglac\u00e9e&#8221; qui se descend en un rappel de 25m.<\/p>\n<p style=\"text-align: left;\">La remont\u00e9e sur le ressaut suivant est joliment sculpt\u00e9e et facile, sa travers\u00e9e l&#8217;est \u00e9galement.<\/p>\n\n<p style=\"text-align: left;\">Le coup de barre arrive au pied du ressaut en 4a, nous prenons le temps de faire une petite pause g\u00e2teaux. L&#8217;escalade est raide mais bien prot\u00e9geables (2 pitons en place et friends faciles \u00e0 poser). Travers\u00e9e horizontale, escalade facile du premier ressaut, quelques dizaines de m\u00e8tres dans les rampes en rocher douteux, et nous retrouvons l&#8217;\u00e9paule 4202m! Encore 20 minutes\u00a0 de concentration sur l&#8217;ar\u00eate neigeuse un peu effil\u00e9e et nous nous accordons une pause boisson avant la remont\u00e9e au Bishorn.<\/p>\n<p style=\"text-align: left;\">Fin des difficult\u00e9s!<\/p>\n\n<p style=\"text-align: left;\">Il est 17h45, nous sommes de retour au sommet du Bishorn avec les belles couleurs de fin de journ\u00e9e. Nous nous laissons descendre sur la voie normale, vigilantes aux grosses crevasses qui traversent la trace assez r\u00e9guli\u00e8rement&#8230; A 19h nous sommes ravies de nous effondrer litt\u00e9ralement sur nos matelas, enrhum\u00e9es, fatigu\u00e9es mais repues de notre beau voyage! Une cord\u00e9e d&#8217;italiens vient \u00e0 la p\u00eache aux infos ; nous serons ravis de les entendre partir cette nuit, bien au chaud dans nos duvets!\u00a0Demain une longue descente nous attend pour rejoindre Zinal, de nouveau charg\u00e9es comme des mules, mais ce soir c&#8217;est la t\u00eate toute l\u00e9g\u00e8re que nous nous endormons sous les \u00e9toiles, face \u00e0 notre belle ar\u00eate!<\/p>\n\n","protected":false},"excerpt":{"rendered":"<p>Le Weisshorn, fiert\u00e9 des Valaisans, culminant \u00e0 4506m!\u00a0 Que fait un guide pendant ses vacances? &#8230;..il part en montagne! D\u00e9but Ao\u00fbt, nous partons entre copines pour un sommet qui nous a fait r\u00eaver dans nos d\u00e9buts d&#8217;alpinistes : Le Weisshorn (L&#8217;ar\u00eate Nord du Weisshorn) Petit r\u00e9cap de l&#8217;histoire du Weisshorn Cette imposante pyramide a \u00e9t\u00e9 [&hellip;]<\/p>\n","protected":false},"author":22,"featured_media":13387,"comment_status":"closed","ping_status":"closed","sticky":false,"template":"","format":"standard","meta":{"footnotes":""},"categories":[91,131,96],"tags":[90,113,94,161,97,229],"class_list":["post-15415","post","type-post","status-publish","format-standard","has-post-thumbnail","hentry","category-alpinisme","category-escalade","category-montagne","tag-4000m","tag-alpinisme","tag-course-mixte","tag-massif-du-valais","tag-sommet-mythique","tag-weisshorn"],"yoast_head":"<!-- This site is optimized with the Yoast SEO plugin v27.4 - https:\/\/yoast.com\/product\/yoast-seo-wordpress\/ -->\n<title>Funambulisme sur l&#039;Ar\u00eate Nord du Weisshorn - Compagnie des Guides<\/title>\n<meta name=\"description\" content=\"Le Weisshorn, fiert\u00e9 des Valaisans, culminant \u00e0 4506m !\u00a0La guide Sarah Blanc part en vacances en montagne pour l&#039;ar\u00eate Nord du Weisshorn.\" \/>\n<meta name=\"robots\" content=\"index, follow, max-snippet:-1, max-image-preview:large, max-video-preview:-1\" \/>\n<link rel=\"canonical\" href=\"https:\/\/guides-mont-blanc.com\/en\/arete-nord-du-weisshorn\/\" \/>\n<meta property=\"og:locale\" content=\"en_US\" \/>\n<meta property=\"og:type\" content=\"article\" \/>\n<meta property=\"og:title\" content=\"Funambulisme sur l&#039;Ar\u00eate Nord du Weisshorn - Compagnie des Guides\" \/>\n<meta property=\"og:description\" content=\"Le Weisshorn, fiert\u00e9 des Valaisans, culminant \u00e0 4506m !\u00a0La guide Sarah Blanc part en vacances en montagne pour l&#039;ar\u00eate Nord du Weisshorn.\" \/>\n<meta property=\"og:url\" content=\"https:\/\/guides-mont-blanc.com\/en\/arete-nord-du-weisshorn\/\" \/>\n<meta property=\"og:site_name\" content=\"Compagnie des Guides\" \/>\n<meta property=\"article:published_time\" content=\"2020-09-24T15:08:14+00:00\" \/>\n<meta name=\"author\" content=\"Sarah Blanc\" \/>\n<meta name=\"twitter:card\" content=\"summary_large_image\" \/>\n<meta name=\"twitter:label1\" content=\"Written by\" \/>\n\t<meta name=\"twitter:data1\" content=\"Sarah Blanc\" \/>\n\t<meta name=\"twitter:label2\" content=\"Est. reading time\" \/>\n\t<meta name=\"twitter:data2\" content=\"8 minutes\" \/>\n<script type=\"application\/ld+json\" class=\"yoast-schema-graph\">{\"@context\":\"https:\\\/\\\/schema.org\",\"@graph\":[{\"@type\":\"Article\",\"@id\":\"https:\\\/\\\/guides-mont-blanc.com\\\/en\\\/arete-nord-du-weisshorn\\\/#article\",\"isPartOf\":{\"@id\":\"https:\\\/\\\/guides-mont-blanc.com\\\/en\\\/arete-nord-du-weisshorn\\\/\"},\"author\":{\"name\":\"Sarah Blanc\",\"@id\":\"https:\\\/\\\/guides-mont-blanc.com\\\/en\\\/#\\\/schema\\\/person\\\/b28ea601fe4d04924aa2dc958077261d\"},\"headline\":\"Funambulisme sur l&#8217;Ar\u00eate Nord du Weisshorn\",\"datePublished\":\"2020-09-24T15:08:14+00:00\",\"mainEntityOfPage\":{\"@id\":\"https:\\\/\\\/guides-mont-blanc.com\\\/en\\\/arete-nord-du-weisshorn\\\/\"},\"wordCount\":1640,\"publisher\":{\"@id\":\"https:\\\/\\\/guides-mont-blanc.com\\\/en\\\/#organization\"},\"image\":{\"@id\":\"https:\\\/\\\/guides-mont-blanc.com\\\/en\\\/arete-nord-du-weisshorn\\\/#primaryimage\"},\"thumbnailUrl\":\"\",\"keywords\":[\"4000m\",\"alpinisme\",\"course mixte\",\"massif du Valais\",\"sommet mythique\",\"weisshorn\"],\"articleSection\":[\"Alpinisme\",\"Escalade\",\"Montagne\"],\"inLanguage\":\"en-US\"},{\"@type\":\"WebPage\",\"@id\":\"https:\\\/\\\/guides-mont-blanc.com\\\/en\\\/arete-nord-du-weisshorn\\\/\",\"url\":\"https:\\\/\\\/guides-mont-blanc.com\\\/en\\\/arete-nord-du-weisshorn\\\/\",\"name\":\"Funambulisme sur l'Ar\u00eate Nord du Weisshorn - Compagnie des Guides\",\"isPartOf\":{\"@id\":\"https:\\\/\\\/guides-mont-blanc.com\\\/en\\\/#website\"},\"primaryImageOfPage\":{\"@id\":\"https:\\\/\\\/guides-mont-blanc.com\\\/en\\\/arete-nord-du-weisshorn\\\/#primaryimage\"},\"image\":{\"@id\":\"https:\\\/\\\/guides-mont-blanc.com\\\/en\\\/arete-nord-du-weisshorn\\\/#primaryimage\"},\"thumbnailUrl\":\"\",\"datePublished\":\"2020-09-24T15:08:14+00:00\",\"description\":\"Le Weisshorn, fiert\u00e9 des Valaisans, culminant \u00e0 4506m !\u00a0La guide Sarah Blanc part en vacances en montagne pour l'ar\u00eate Nord du Weisshorn.\",\"breadcrumb\":{\"@id\":\"https:\\\/\\\/guides-mont-blanc.com\\\/en\\\/arete-nord-du-weisshorn\\\/#breadcrumb\"},\"inLanguage\":\"en-US\",\"potentialAction\":[{\"@type\":\"ReadAction\",\"target\":[\"https:\\\/\\\/guides-mont-blanc.com\\\/en\\\/arete-nord-du-weisshorn\\\/\"]}]},{\"@type\":\"ImageObject\",\"inLanguage\":\"en-US\",\"@id\":\"https:\\\/\\\/guides-mont-blanc.com\\\/en\\\/arete-nord-du-weisshorn\\\/#primaryimage\",\"url\":\"\",\"contentUrl\":\"\"},{\"@type\":\"BreadcrumbList\",\"@id\":\"https:\\\/\\\/guides-mont-blanc.com\\\/en\\\/arete-nord-du-weisshorn\\\/#breadcrumb\",\"itemListElement\":[{\"@type\":\"ListItem\",\"position\":1,\"name\":\"Accueil\",\"item\":\"https:\\\/\\\/guides-mont-blanc.com\\\/en\\\/\"},{\"@type\":\"ListItem\",\"position\":2,\"name\":\"Funambulisme sur l&rsquo;Ar\u00eate Nord du Weisshorn\"}]},{\"@type\":\"WebSite\",\"@id\":\"https:\\\/\\\/guides-mont-blanc.com\\\/en\\\/#website\",\"url\":\"https:\\\/\\\/guides-mont-blanc.com\\\/en\\\/\",\"name\":\"Compagnie des Guides\",\"description\":\"La Compagnie des Guides de Saint-Gervais \\\/ Les Contamines\",\"publisher\":{\"@id\":\"https:\\\/\\\/guides-mont-blanc.com\\\/en\\\/#organization\"},\"potentialAction\":[{\"@type\":\"SearchAction\",\"target\":{\"@type\":\"EntryPoint\",\"urlTemplate\":\"https:\\\/\\\/guides-mont-blanc.com\\\/en\\\/?s={search_term_string}\"},\"query-input\":{\"@type\":\"PropertyValueSpecification\",\"valueRequired\":true,\"valueName\":\"search_term_string\"}}],\"inLanguage\":\"en-US\"},{\"@type\":\"Organization\",\"@id\":\"https:\\\/\\\/guides-mont-blanc.com\\\/en\\\/#organization\",\"name\":\"Compagnie des Guides\",\"url\":\"https:\\\/\\\/guides-mont-blanc.com\\\/en\\\/\",\"logo\":{\"@type\":\"ImageObject\",\"inLanguage\":\"en-US\",\"@id\":\"https:\\\/\\\/guides-mont-blanc.com\\\/en\\\/#\\\/schema\\\/logo\\\/image\\\/\",\"url\":\"https:\\\/\\\/guides-mont-blanc.com\\\/wp-content\\\/uploads\\\/2020\\\/12\\\/Compagnie-des-Guides-Logo-blanc.svg\",\"contentUrl\":\"https:\\\/\\\/guides-mont-blanc.com\\\/wp-content\\\/uploads\\\/2020\\\/12\\\/Compagnie-des-Guides-Logo-blanc.svg\",\"width\":135,\"height\":178,\"caption\":\"Compagnie des Guides\"},\"image\":{\"@id\":\"https:\\\/\\\/guides-mont-blanc.com\\\/en\\\/#\\\/schema\\\/logo\\\/image\\\/\"}},{\"@type\":\"Person\",\"@id\":\"https:\\\/\\\/guides-mont-blanc.com\\\/en\\\/#\\\/schema\\\/person\\\/b28ea601fe4d04924aa2dc958077261d\",\"name\":\"Sarah Blanc\",\"image\":{\"@type\":\"ImageObject\",\"inLanguage\":\"en-US\",\"@id\":\"https:\\\/\\\/secure.gravatar.com\\\/avatar\\\/e5d38e176a281c6160cad00cd1dbe42d0e60a7522b088e1a988ce682e96d40da?s=96&d=mm&r=g\",\"url\":\"https:\\\/\\\/secure.gravatar.com\\\/avatar\\\/e5d38e176a281c6160cad00cd1dbe42d0e60a7522b088e1a988ce682e96d40da?s=96&d=mm&r=g\",\"contentUrl\":\"https:\\\/\\\/secure.gravatar.com\\\/avatar\\\/e5d38e176a281c6160cad00cd1dbe42d0e60a7522b088e1a988ce682e96d40da?s=96&d=mm&r=g\",\"caption\":\"Sarah Blanc\"},\"url\":\"https:\\\/\\\/guides-mont-blanc.com\\\/en\\\/author\\\/blanc-sarah\\\/\"}]}<\/script>\n<!-- \/ Yoast SEO plugin. -->","yoast_head_json":{"title":"Funambulisme sur l'Ar\u00eate Nord du Weisshorn - Compagnie des Guides","description":"Le Weisshorn, fiert\u00e9 des Valaisans, culminant \u00e0 4506m !\u00a0La guide Sarah Blanc part en vacances en montagne pour l'ar\u00eate Nord du Weisshorn.","robots":{"index":"index","follow":"follow","max-snippet":"max-snippet:-1","max-image-preview":"max-image-preview:large","max-video-preview":"max-video-preview:-1"},"canonical":"https:\/\/guides-mont-blanc.com\/en\/arete-nord-du-weisshorn\/","og_locale":"en_US","og_type":"article","og_title":"Funambulisme sur l'Ar\u00eate Nord du Weisshorn - Compagnie des Guides","og_description":"Le Weisshorn, fiert\u00e9 des Valaisans, culminant \u00e0 4506m !\u00a0La guide Sarah Blanc part en vacances en montagne pour l'ar\u00eate Nord du Weisshorn.","og_url":"https:\/\/guides-mont-blanc.com\/en\/arete-nord-du-weisshorn\/","og_site_name":"Compagnie des Guides","article_published_time":"2020-09-24T15:08:14+00:00","author":"Sarah Blanc","twitter_card":"summary_large_image","twitter_misc":{"Written by":"Sarah Blanc","Est. reading time":"8 minutes"},"schema":{"@context":"https:\/\/schema.org","@graph":[{"@type":"Article","@id":"https:\/\/guides-mont-blanc.com\/en\/arete-nord-du-weisshorn\/#article","isPartOf":{"@id":"https:\/\/guides-mont-blanc.com\/en\/arete-nord-du-weisshorn\/"},"author":{"name":"Sarah Blanc","@id":"https:\/\/guides-mont-blanc.com\/en\/#\/schema\/person\/b28ea601fe4d04924aa2dc958077261d"},"headline":"Funambulisme sur l&#8217;Ar\u00eate Nord du Weisshorn","datePublished":"2020-09-24T15:08:14+00:00","mainEntityOfPage":{"@id":"https:\/\/guides-mont-blanc.com\/en\/arete-nord-du-weisshorn\/"},"wordCount":1640,"publisher":{"@id":"https:\/\/guides-mont-blanc.com\/en\/#organization"},"image":{"@id":"https:\/\/guides-mont-blanc.com\/en\/arete-nord-du-weisshorn\/#primaryimage"},"thumbnailUrl":"","keywords":["4000m","alpinisme","course mixte","massif du Valais","sommet mythique","weisshorn"],"articleSection":["Alpinisme","Escalade","Montagne"],"inLanguage":"en-US"},{"@type":"WebPage","@id":"https:\/\/guides-mont-blanc.com\/en\/arete-nord-du-weisshorn\/","url":"https:\/\/guides-mont-blanc.com\/en\/arete-nord-du-weisshorn\/","name":"Funambulisme sur l'Ar\u00eate Nord du Weisshorn - Compagnie des Guides","isPartOf":{"@id":"https:\/\/guides-mont-blanc.com\/en\/#website"},"primaryImageOfPage":{"@id":"https:\/\/guides-mont-blanc.com\/en\/arete-nord-du-weisshorn\/#primaryimage"},"image":{"@id":"https:\/\/guides-mont-blanc.com\/en\/arete-nord-du-weisshorn\/#primaryimage"},"thumbnailUrl":"","datePublished":"2020-09-24T15:08:14+00:00","description":"Le Weisshorn, fiert\u00e9 des Valaisans, culminant \u00e0 4506m !\u00a0La guide Sarah Blanc part en vacances en montagne pour l'ar\u00eate Nord du Weisshorn.","breadcrumb":{"@id":"https:\/\/guides-mont-blanc.com\/en\/arete-nord-du-weisshorn\/#breadcrumb"},"inLanguage":"en-US","potentialAction":[{"@type":"ReadAction","target":["https:\/\/guides-mont-blanc.com\/en\/arete-nord-du-weisshorn\/"]}]},{"@type":"ImageObject","inLanguage":"en-US","@id":"https:\/\/guides-mont-blanc.com\/en\/arete-nord-du-weisshorn\/#primaryimage","url":"","contentUrl":""},{"@type":"BreadcrumbList","@id":"https:\/\/guides-mont-blanc.com\/en\/arete-nord-du-weisshorn\/#breadcrumb","itemListElement":[{"@type":"ListItem","position":1,"name":"Accueil","item":"https:\/\/guides-mont-blanc.com\/en\/"},{"@type":"ListItem","position":2,"name":"Funambulisme sur l&rsquo;Ar\u00eate Nord du Weisshorn"}]},{"@type":"WebSite","@id":"https:\/\/guides-mont-blanc.com\/en\/#website","url":"https:\/\/guides-mont-blanc.com\/en\/","name":"Compagnie des Guides","description":"La Compagnie des Guides de Saint-Gervais \/ Les Contamines","publisher":{"@id":"https:\/\/guides-mont-blanc.com\/en\/#organization"},"potentialAction":[{"@type":"SearchAction","target":{"@type":"EntryPoint","urlTemplate":"https:\/\/guides-mont-blanc.com\/en\/?s={search_term_string}"},"query-input":{"@type":"PropertyValueSpecification","valueRequired":true,"valueName":"search_term_string"}}],"inLanguage":"en-US"},{"@type":"Organization","@id":"https:\/\/guides-mont-blanc.com\/en\/#organization","name":"Compagnie des Guides","url":"https:\/\/guides-mont-blanc.com\/en\/","logo":{"@type":"ImageObject","inLanguage":"en-US","@id":"https:\/\/guides-mont-blanc.com\/en\/#\/schema\/logo\/image\/","url":"https:\/\/guides-mont-blanc.com\/wp-content\/uploads\/2020\/12\/Compagnie-des-Guides-Logo-blanc.svg","contentUrl":"https:\/\/guides-mont-blanc.com\/wp-content\/uploads\/2020\/12\/Compagnie-des-Guides-Logo-blanc.svg","width":135,"height":178,"caption":"Compagnie des Guides"},"image":{"@id":"https:\/\/guides-mont-blanc.com\/en\/#\/schema\/logo\/image\/"}},{"@type":"Person","@id":"https:\/\/guides-mont-blanc.com\/en\/#\/schema\/person\/b28ea601fe4d04924aa2dc958077261d","name":"Sarah Blanc","image":{"@type":"ImageObject","inLanguage":"en-US","@id":"https:\/\/secure.gravatar.com\/avatar\/e5d38e176a281c6160cad00cd1dbe42d0e60a7522b088e1a988ce682e96d40da?s=96&d=mm&r=g","url":"https:\/\/secure.gravatar.com\/avatar\/e5d38e176a281c6160cad00cd1dbe42d0e60a7522b088e1a988ce682e96d40da?s=96&d=mm&r=g","contentUrl":"https:\/\/secure.gravatar.com\/avatar\/e5d38e176a281c6160cad00cd1dbe42d0e60a7522b088e1a988ce682e96d40da?s=96&d=mm&r=g","caption":"Sarah Blanc"},"url":"https:\/\/guides-mont-blanc.com\/en\/author\/blanc-sarah\/"}]}},"_links":{"self":[{"href":"https:\/\/guides-mont-blanc.com\/en\/wp-json\/wp\/v2\/posts\/15415","targetHints":{"allow":["GET"]}}],"collection":[{"href":"https:\/\/guides-mont-blanc.com\/en\/wp-json\/wp\/v2\/posts"}],"about":[{"href":"https:\/\/guides-mont-blanc.com\/en\/wp-json\/wp\/v2\/types\/post"}],"author":[{"embeddable":true,"href":"https:\/\/guides-mont-blanc.com\/en\/wp-json\/wp\/v2\/users\/22"}],"replies":[{"embeddable":true,"href":"https:\/\/guides-mont-blanc.com\/en\/wp-json\/wp\/v2\/comments?post=15415"}],"version-history":[{"count":0,"href":"https:\/\/guides-mont-blanc.com\/en\/wp-json\/wp\/v2\/posts\/15415\/revisions"}],"wp:featuredmedia":[{"embeddable":true,"href":"https:\/\/guides-mont-blanc.com\/en\/wp-json\/"}],"wp:attachment":[{"href":"https:\/\/guides-mont-blanc.com\/en\/wp-json\/wp\/v2\/media?parent=15415"}],"wp:term":[{"taxonomy":"category","embeddable":true,"href":"https:\/\/guides-mont-blanc.com\/en\/wp-json\/wp\/v2\/categories?post=15415"},{"taxonomy":"post_tag","embeddable":true,"href":"https:\/\/guides-mont-blanc.com\/en\/wp-json\/wp\/v2\/tags?post=15415"}],"curies":[{"name":"wp","href":"https:\/\/api.w.org\/{rel}","templated":true}]}}