{"id":15205,"date":"2019-12-01T09:52:58","date_gmt":"2019-12-01T08:52:58","guid":{"rendered":"https:\/\/guides-mont-blanc707.e.wpstage.net\/cor-des-alpes-au-sommet-de-leiger\/"},"modified":"2019-12-01T09:52:58","modified_gmt":"2019-12-01T08:52:58","slug":"cor-des-alpes-au-sommet-de-leiger","status":"publish","type":"post","link":"https:\/\/guides-mont-blanc.com\/en\/cor-des-alpes-au-sommet-de-leiger\/","title":{"rendered":"Cor des Alpes au sommet de l&#8217;Eiger"},"content":{"rendered":"<p style=\"text-align: left;\">Cette ann\u00e9e, avec Jacky, nous d\u00e9cidons d&#8217;aller tenter l&#8217;ascension de l&#8217;Eiger 3980m par lar\u00eate Mittelegi.<br \/>\nDepuis maintenant depuis 3 ans, je me r\u00e9serve 5 jours pour partir avec Jacky afin de r\u00e9aliser une grande course dans les Alpes.<\/p>\n<p style=\"text-align: left;\">En pr\u00e9parant la course et en cherchant des informations, je tombe sur l&#8217;article de blog de Sarah, coll\u00e8gue \u00e0 la compagnie de Saint-Gervais.<br \/>\nJe vois qu&#8217;il est possible de r\u00e9aliser la course \u00e0 la journ\u00e9e ; mais avec Jacky nous pr\u00e9f\u00e9rons prendre notre temps et aller dormir \u00e0 la Mittelegi Hutte.<img decoding=\"async\" class=\" wp-image-10288 alignright\" src=\"https:\/\/guides-mont-blanc.com\/wp-content\/uploads\/2019\/11\/IMG-20191127-WA0009-225x300.jpg\" alt=\"\" width=\"155\" height=\"207\" \/><\/p>\n<p style=\"text-align: left;\">Quelques jours auparavant, Jacky m&#8217;annonce qu&#8217;il aimerait emmener son cor des Alpes et m&#8217;explique que celui-ci est r\u00e9tractable comme une canne \u00e0 p\u00eache et en carbone. Donc, il pourra le porter sans probl\u00e8me. Je lui dis qu&#8217;il n&#8217;y a aucun souci et quil nous mettra lambiance au refuge. Je rejoins donc Jacky sur la route et nous covoiturons jusqu&#8217;\u00e0 Grindelwald, magnifique village suisse. Nous apercevons lEiger et son immense face nord qui nous rappelle \u00f4 combien nous sommes petits face \u00e0 la nature.<\/p>\n<p><img decoding=\"async\" class=\"wp-image-10306 aligncenter\" src=\"https:\/\/guides-mont-blanc.com\/wp-content\/uploads\/2019\/11\/IMG-20191127-WA0018-225x300.jpg\" alt=\"\" width=\"152\" height=\"203\" \/><\/p>\n<p>A partir de l\u00e0, nous prenons le train qui monte en direction de la station Jungfraujoch. Nous, nous arr\u00eatons \u00e0 la station Eismeer o\u00f9 nous sommes les seuls \u00e0 nous arr\u00eater l\u00e0. Nous d\u00e9couvrons alors par la fen\u00eatre le glacier \u00e0 rejoindre. Nous voil\u00e0 donc sur le glacier o\u00f9 nous rejoignons l&#8217;attaque deux longueurs en rocher \u00ab qui met dans le bain \u00bb.<\/p>\n<p><img decoding=\"async\" class=\"wp-image-10296 alignright\" src=\"https:\/\/guides-mont-blanc.com\/wp-content\/uploads\/2019\/11\/IMG-20191127-WA0013-225x300.jpg\" alt=\"\" width=\"131\" height=\"175\" \/>S&#8217;ensuit un itin\u00e9raire sur les vires \u00e0 chamois o\u00f9 un pied montagnard s\u00fbr est n\u00e9cessaire. Apr\u00e8s une bonne heure, nous apercevons enfin la cabane o\u00f9 nous allons pouvoir savourer une bonne bi\u00e8re en \u00e9couter Jacky et son cor des Alpes. La gardienne, tr\u00e8s sympathique, nous accueille gentiment. La cabane a \u00e9t\u00e9 r\u00e9nov\u00e9e et c&#8217;est un v\u00e9ritable plaisir que nous avons \u00e0 passer la soir\u00e9e l\u00e0-haut en compagnie des autres alpinistes.<br \/>\nJacky nous fait profiter de son exp\u00e9rience de musicien et nous joue des airs tr\u00e8s originaux, le tout sur un coucher de soleil magnifique, surplombant Grindelwald.<\/p>\n<figure id=\"attachment_10272\" aria-describedby=\"caption-attachment-10272\" style=\"width: 300px\" class=\"wp-caption aligncenter\"><img loading=\"lazy\" decoding=\"async\" class=\"size-medium wp-image-10272\" src=\"https:\/\/guides-mont-blanc.com\/wp-content\/uploads\/2019\/11\/IMG-20191127-WA0001-300x225.jpg\" alt=\"\" width=\"300\" height=\"225\" \/><figcaption id=\"caption-attachment-10272\" class=\"wp-caption-text\">cor des Alpes au coucher de soleil \u00e0 la Mitellegi h\u00fctte<\/figcaption><\/figure>\n<p>Le lendemain matin, le r\u00e9veil est tr\u00e8s matinal et nous d\u00e9marrons \u00e0 la frontale. Nous voyons d\u00e9j\u00e0 les cord\u00e9es engag\u00e9es devant nous sur cette belle arr\u00eate qui se profile devant nos yeux.<br \/>\nMoment de gratitude et de bonheur lorsque le soleil se l\u00e8ve et commence \u00e0 nous r\u00e9chauffer progressivement.<br \/>\nLes levers de soleil sont vraiment des moments fabuleux en montagne. Nous continuons \u00e0 progresser sur cette arr\u00eate en cherchant l&#8217;itin\u00e9raire et parvenons finalement au sommet en milieu de matin\u00e9e. Je laisse le temps \u00e0 Jacky de sortir son cor des Alpes et faire vibrer les montagnes voisines gr\u00e2ce aux sonorit\u00e9s si particuli\u00e8res du cor des Alpes. Nous partageons alors un moment magique, fort en \u00e9motion sur ce sommet mythique entour\u00e9 des autres alpinistes.<\/p>\n<figure id=\"attachment_10276\" aria-describedby=\"caption-attachment-10276\" style=\"width: 300px\" class=\"wp-caption alignleft\"><img loading=\"lazy\" decoding=\"async\" class=\"size-medium wp-image-10276\" src=\"https:\/\/guides-mont-blanc.com\/wp-content\/uploads\/2019\/11\/IMG-20191127-WA0003-300x225.jpg\" alt=\"\" width=\"300\" height=\"225\" \/><figcaption id=\"caption-attachment-10276\" class=\"wp-caption-text\">lever de soleil pas loin du sommet<\/figcaption><\/figure>\n<figure id=\"attachment_10280\" aria-describedby=\"caption-attachment-10280\" style=\"width: 300px\" class=\"wp-caption alignright\"><img loading=\"lazy\" decoding=\"async\" class=\"size-medium wp-image-10280\" src=\"https:\/\/guides-mont-blanc.com\/wp-content\/uploads\/2019\/11\/IMG-20191127-WA0005-300x225.jpg\" alt=\"\" width=\"300\" height=\"225\" \/><figcaption id=\"caption-attachment-10280\" class=\"wp-caption-text\">un ptit air au sommet de l&#8217;Eiger<\/figcaption><\/figure>\n<p>Nous poursuivons lar\u00eate cette fois \u00e0 la descente o\u00f9 il y a quelques rappels \u00e0 effectuer ainsi que de la d\u00e9sescalade pour rejoindre un petit col. Nous remettons les crampons et avan\u00e7ons sur du terrain mixte. La course n&#8217;est pas encore finie, lar\u00eate est encore longue. Petite particularit\u00e9, la formation g\u00e9ologique change radicalement.<\/p>\n<p>&nbsp;<\/p>\n<p>&nbsp;<\/p>\n<p><img loading=\"lazy\" decoding=\"async\" class=\"size-medium wp-image-10264 alignright\" src=\"https:\/\/guides-mont-blanc.com\/wp-content\/uploads\/2019\/11\/IMG-20190902-WA0019-225x300.jpg\" alt=\"\" width=\"225\" height=\"300\" \/><\/p>\n<p>On passe dune formation calcaire sur l&#8217;Eiger et nous rentrons maintenant sur une ar\u00eate plut\u00f4t granitique. Le temps est au beau fixe et nous profitons tranquillement de terminer lar\u00eate et rejoignons le glacier o\u00f9 nous accordons une vraie pause d\u00e9jeuner.<\/p>\n<p>&nbsp;<\/p>\n<figure id=\"attachment_10266\" aria-describedby=\"caption-attachment-10266\" style=\"width: 225px\" class=\"wp-caption alignnone\"><img loading=\"lazy\" decoding=\"async\" class=\"size-medium wp-image-10266\" src=\"https:\/\/guides-mont-blanc.com\/wp-content\/uploads\/2019\/11\/IMG-20190902-WA0020-225x300.jpg\" alt=\"\" width=\"225\" height=\"300\" \/><figcaption id=\"caption-attachment-10266\" class=\"wp-caption-text\">l&#8217;ar\u00eate qui conduit au glacier<\/figcaption><\/figure>\n<p>Nous rentrons tranquillement par le glacier et nous rejoignons le Monchjoch. On range les affaires dans le sac et rentrons par la trace de ratrak en direction du train. Contraste saisissant entre ce milieu sauvage que nous venons de quitter et ce milieu touristique tr\u00e8s accessible desservi par le train. Nous savourons tout de m\u00eame une bonne bi\u00e8re m\u00e9rit\u00e9e au sein de la gare avant de redescendre tranquillement sur de Grindelwald. Encore une superbe journ\u00e9e en sa compagnie et nous commen\u00e7ons d\u00e9j\u00e0 \u00e0 r\u00e9fl\u00e9chir \u00e0 l&#8217;ann\u00e9e prochaine.<\/p>\n","protected":false},"excerpt":{"rendered":"<p>Cette ann\u00e9e, avec Jacky, nous d\u00e9cidons d&#8217;aller tenter l&#8217;ascension de l&#8217;Eiger 3980m par lar\u00eate Mittelegi. Depuis maintenant depuis 3 ans, je me r\u00e9serve 5 jours pour partir avec Jacky afin de r\u00e9aliser une grande course dans les Alpes. En pr\u00e9parant la course et en cherchant des informations, je tombe sur l&#8217;article de blog de Sarah, [&hellip;]<\/p>\n","protected":false},"author":41,"featured_media":13367,"comment_status":"closed","ping_status":"closed","sticky":false,"template":"","format":"standard","meta":{"footnotes":""},"categories":[91,96],"tags":[94,162,215,123,97,135],"class_list":["post-15205","post","type-post","status-publish","format-standard","has-post-thumbnail","hentry","category-alpinisme","category-montagne","tag-course-mixte","tag-eiger","tag-mitellegi","tag-oberland","tag-sommet-mythique","tag-suisse"],"yoast_head":"<!-- This site is optimized with the Yoast SEO plugin v27.4 - https:\/\/yoast.com\/product\/yoast-seo-wordpress\/ -->\n<title>Cor des Alpes au sommet de l&#039;Eiger - Compagnie des Guides<\/title>\n<meta name=\"robots\" content=\"index, follow, max-snippet:-1, max-image-preview:large, max-video-preview:-1\" \/>\n<link rel=\"canonical\" href=\"https:\/\/guides-mont-blanc.com\/en\/cor-des-alpes-au-sommet-de-leiger\/\" \/>\n<meta property=\"og:locale\" content=\"en_US\" \/>\n<meta property=\"og:type\" content=\"article\" \/>\n<meta property=\"og:title\" content=\"Cor des Alpes au sommet de l&#039;Eiger - Compagnie des Guides\" \/>\n<meta property=\"og:description\" content=\"Cette ann\u00e9e, avec Jacky, nous d\u00e9cidons d&#8217;aller tenter l&#8217;ascension de l&#8217;Eiger 3980m par lar\u00eate Mittelegi. Depuis maintenant depuis 3 ans, je me r\u00e9serve 5 jours pour partir avec Jacky afin de r\u00e9aliser une grande course dans les Alpes. En pr\u00e9parant la course et en cherchant des informations, je tombe sur l&#8217;article de blog de Sarah, [&hellip;]\" \/>\n<meta property=\"og:url\" content=\"https:\/\/guides-mont-blanc.com\/en\/cor-des-alpes-au-sommet-de-leiger\/\" \/>\n<meta property=\"og:site_name\" content=\"Compagnie des Guides\" \/>\n<meta property=\"article:published_time\" content=\"2019-12-01T08:52:58+00:00\" \/>\n<meta name=\"author\" content=\"Michael Gut\" \/>\n<meta name=\"twitter:card\" content=\"summary_large_image\" \/>\n<meta name=\"twitter:label1\" content=\"Written by\" \/>\n\t<meta name=\"twitter:data1\" content=\"Michael Gut\" \/>\n\t<meta name=\"twitter:label2\" content=\"Est. reading time\" \/>\n\t<meta name=\"twitter:data2\" content=\"6 minutes\" \/>\n<script type=\"application\/ld+json\" class=\"yoast-schema-graph\">{\"@context\":\"https:\\\/\\\/schema.org\",\"@graph\":[{\"@type\":\"Article\",\"@id\":\"https:\\\/\\\/guides-mont-blanc.com\\\/en\\\/cor-des-alpes-au-sommet-de-leiger\\\/#article\",\"isPartOf\":{\"@id\":\"https:\\\/\\\/guides-mont-blanc.com\\\/en\\\/cor-des-alpes-au-sommet-de-leiger\\\/\"},\"author\":{\"name\":\"Michael Gut\",\"@id\":\"https:\\\/\\\/guides-mont-blanc.com\\\/en\\\/#\\\/schema\\\/person\\\/5e8173e84aa414e6fed25705c93e4e13\"},\"headline\":\"Cor des Alpes au sommet de l&#8217;Eiger\",\"datePublished\":\"2019-12-01T08:52:58+00:00\",\"mainEntityOfPage\":{\"@id\":\"https:\\\/\\\/guides-mont-blanc.com\\\/en\\\/cor-des-alpes-au-sommet-de-leiger\\\/\"},\"wordCount\":765,\"publisher\":{\"@id\":\"https:\\\/\\\/guides-mont-blanc.com\\\/en\\\/#organization\"},\"image\":{\"@id\":\"https:\\\/\\\/guides-mont-blanc.com\\\/en\\\/cor-des-alpes-au-sommet-de-leiger\\\/#primaryimage\"},\"thumbnailUrl\":\"\",\"keywords\":[\"course mixte\",\"Eiger\",\"Mitellegi\",\"Oberland\",\"sommet mythique\",\"suisse\"],\"articleSection\":[\"Alpinisme\",\"Montagne\"],\"inLanguage\":\"en-US\"},{\"@type\":\"WebPage\",\"@id\":\"https:\\\/\\\/guides-mont-blanc.com\\\/en\\\/cor-des-alpes-au-sommet-de-leiger\\\/\",\"url\":\"https:\\\/\\\/guides-mont-blanc.com\\\/en\\\/cor-des-alpes-au-sommet-de-leiger\\\/\",\"name\":\"Cor des Alpes au sommet de l'Eiger - Compagnie des Guides\",\"isPartOf\":{\"@id\":\"https:\\\/\\\/guides-mont-blanc.com\\\/en\\\/#website\"},\"primaryImageOfPage\":{\"@id\":\"https:\\\/\\\/guides-mont-blanc.com\\\/en\\\/cor-des-alpes-au-sommet-de-leiger\\\/#primaryimage\"},\"image\":{\"@id\":\"https:\\\/\\\/guides-mont-blanc.com\\\/en\\\/cor-des-alpes-au-sommet-de-leiger\\\/#primaryimage\"},\"thumbnailUrl\":\"\",\"datePublished\":\"2019-12-01T08:52:58+00:00\",\"breadcrumb\":{\"@id\":\"https:\\\/\\\/guides-mont-blanc.com\\\/en\\\/cor-des-alpes-au-sommet-de-leiger\\\/#breadcrumb\"},\"inLanguage\":\"en-US\",\"potentialAction\":[{\"@type\":\"ReadAction\",\"target\":[\"https:\\\/\\\/guides-mont-blanc.com\\\/en\\\/cor-des-alpes-au-sommet-de-leiger\\\/\"]}]},{\"@type\":\"ImageObject\",\"inLanguage\":\"en-US\",\"@id\":\"https:\\\/\\\/guides-mont-blanc.com\\\/en\\\/cor-des-alpes-au-sommet-de-leiger\\\/#primaryimage\",\"url\":\"\",\"contentUrl\":\"\"},{\"@type\":\"BreadcrumbList\",\"@id\":\"https:\\\/\\\/guides-mont-blanc.com\\\/en\\\/cor-des-alpes-au-sommet-de-leiger\\\/#breadcrumb\",\"itemListElement\":[{\"@type\":\"ListItem\",\"position\":1,\"name\":\"Accueil\",\"item\":\"https:\\\/\\\/guides-mont-blanc.com\\\/en\\\/\"},{\"@type\":\"ListItem\",\"position\":2,\"name\":\"Cor des Alpes au sommet de l&rsquo;Eiger\"}]},{\"@type\":\"WebSite\",\"@id\":\"https:\\\/\\\/guides-mont-blanc.com\\\/en\\\/#website\",\"url\":\"https:\\\/\\\/guides-mont-blanc.com\\\/en\\\/\",\"name\":\"Compagnie des Guides\",\"description\":\"La Compagnie des Guides de Saint-Gervais \\\/ Les Contamines\",\"publisher\":{\"@id\":\"https:\\\/\\\/guides-mont-blanc.com\\\/en\\\/#organization\"},\"potentialAction\":[{\"@type\":\"SearchAction\",\"target\":{\"@type\":\"EntryPoint\",\"urlTemplate\":\"https:\\\/\\\/guides-mont-blanc.com\\\/en\\\/?s={search_term_string}\"},\"query-input\":{\"@type\":\"PropertyValueSpecification\",\"valueRequired\":true,\"valueName\":\"search_term_string\"}}],\"inLanguage\":\"en-US\"},{\"@type\":\"Organization\",\"@id\":\"https:\\\/\\\/guides-mont-blanc.com\\\/en\\\/#organization\",\"name\":\"Compagnie des Guides\",\"url\":\"https:\\\/\\\/guides-mont-blanc.com\\\/en\\\/\",\"logo\":{\"@type\":\"ImageObject\",\"inLanguage\":\"en-US\",\"@id\":\"https:\\\/\\\/guides-mont-blanc.com\\\/en\\\/#\\\/schema\\\/logo\\\/image\\\/\",\"url\":\"https:\\\/\\\/guides-mont-blanc.com\\\/wp-content\\\/uploads\\\/2020\\\/12\\\/Compagnie-des-Guides-Logo-blanc.svg\",\"contentUrl\":\"https:\\\/\\\/guides-mont-blanc.com\\\/wp-content\\\/uploads\\\/2020\\\/12\\\/Compagnie-des-Guides-Logo-blanc.svg\",\"width\":135,\"height\":178,\"caption\":\"Compagnie des Guides\"},\"image\":{\"@id\":\"https:\\\/\\\/guides-mont-blanc.com\\\/en\\\/#\\\/schema\\\/logo\\\/image\\\/\"}},{\"@type\":\"Person\",\"@id\":\"https:\\\/\\\/guides-mont-blanc.com\\\/en\\\/#\\\/schema\\\/person\\\/5e8173e84aa414e6fed25705c93e4e13\",\"name\":\"Michael Gut\",\"image\":{\"@type\":\"ImageObject\",\"inLanguage\":\"en-US\",\"@id\":\"https:\\\/\\\/secure.gravatar.com\\\/avatar\\\/c9a7cb8e3d1405e82fa1d181b6c5e2f0a64f7c7f61f1dac4e5f6161e57c81173?s=96&d=mm&r=g\",\"url\":\"https:\\\/\\\/secure.gravatar.com\\\/avatar\\\/c9a7cb8e3d1405e82fa1d181b6c5e2f0a64f7c7f61f1dac4e5f6161e57c81173?s=96&d=mm&r=g\",\"contentUrl\":\"https:\\\/\\\/secure.gravatar.com\\\/avatar\\\/c9a7cb8e3d1405e82fa1d181b6c5e2f0a64f7c7f61f1dac4e5f6161e57c81173?s=96&d=mm&r=g\",\"caption\":\"Michael Gut\"},\"url\":\"https:\\\/\\\/guides-mont-blanc.com\\\/en\\\/author\\\/gut-michael\\\/\"}]}<\/script>\n<!-- \/ Yoast SEO plugin. -->","yoast_head_json":{"title":"Cor des Alpes au sommet de l'Eiger - Compagnie des Guides","robots":{"index":"index","follow":"follow","max-snippet":"max-snippet:-1","max-image-preview":"max-image-preview:large","max-video-preview":"max-video-preview:-1"},"canonical":"https:\/\/guides-mont-blanc.com\/en\/cor-des-alpes-au-sommet-de-leiger\/","og_locale":"en_US","og_type":"article","og_title":"Cor des Alpes au sommet de l'Eiger - Compagnie des Guides","og_description":"Cette ann\u00e9e, avec Jacky, nous d\u00e9cidons d&#8217;aller tenter l&#8217;ascension de l&#8217;Eiger 3980m par lar\u00eate Mittelegi. Depuis maintenant depuis 3 ans, je me r\u00e9serve 5 jours pour partir avec Jacky afin de r\u00e9aliser une grande course dans les Alpes. En pr\u00e9parant la course et en cherchant des informations, je tombe sur l&#8217;article de blog de Sarah, [&hellip;]","og_url":"https:\/\/guides-mont-blanc.com\/en\/cor-des-alpes-au-sommet-de-leiger\/","og_site_name":"Compagnie des Guides","article_published_time":"2019-12-01T08:52:58+00:00","author":"Michael Gut","twitter_card":"summary_large_image","twitter_misc":{"Written by":"Michael Gut","Est. reading time":"6 minutes"},"schema":{"@context":"https:\/\/schema.org","@graph":[{"@type":"Article","@id":"https:\/\/guides-mont-blanc.com\/en\/cor-des-alpes-au-sommet-de-leiger\/#article","isPartOf":{"@id":"https:\/\/guides-mont-blanc.com\/en\/cor-des-alpes-au-sommet-de-leiger\/"},"author":{"name":"Michael Gut","@id":"https:\/\/guides-mont-blanc.com\/en\/#\/schema\/person\/5e8173e84aa414e6fed25705c93e4e13"},"headline":"Cor des Alpes au sommet de l&#8217;Eiger","datePublished":"2019-12-01T08:52:58+00:00","mainEntityOfPage":{"@id":"https:\/\/guides-mont-blanc.com\/en\/cor-des-alpes-au-sommet-de-leiger\/"},"wordCount":765,"publisher":{"@id":"https:\/\/guides-mont-blanc.com\/en\/#organization"},"image":{"@id":"https:\/\/guides-mont-blanc.com\/en\/cor-des-alpes-au-sommet-de-leiger\/#primaryimage"},"thumbnailUrl":"","keywords":["course mixte","Eiger","Mitellegi","Oberland","sommet mythique","suisse"],"articleSection":["Alpinisme","Montagne"],"inLanguage":"en-US"},{"@type":"WebPage","@id":"https:\/\/guides-mont-blanc.com\/en\/cor-des-alpes-au-sommet-de-leiger\/","url":"https:\/\/guides-mont-blanc.com\/en\/cor-des-alpes-au-sommet-de-leiger\/","name":"Cor des Alpes au sommet de l'Eiger - Compagnie des Guides","isPartOf":{"@id":"https:\/\/guides-mont-blanc.com\/en\/#website"},"primaryImageOfPage":{"@id":"https:\/\/guides-mont-blanc.com\/en\/cor-des-alpes-au-sommet-de-leiger\/#primaryimage"},"image":{"@id":"https:\/\/guides-mont-blanc.com\/en\/cor-des-alpes-au-sommet-de-leiger\/#primaryimage"},"thumbnailUrl":"","datePublished":"2019-12-01T08:52:58+00:00","breadcrumb":{"@id":"https:\/\/guides-mont-blanc.com\/en\/cor-des-alpes-au-sommet-de-leiger\/#breadcrumb"},"inLanguage":"en-US","potentialAction":[{"@type":"ReadAction","target":["https:\/\/guides-mont-blanc.com\/en\/cor-des-alpes-au-sommet-de-leiger\/"]}]},{"@type":"ImageObject","inLanguage":"en-US","@id":"https:\/\/guides-mont-blanc.com\/en\/cor-des-alpes-au-sommet-de-leiger\/#primaryimage","url":"","contentUrl":""},{"@type":"BreadcrumbList","@id":"https:\/\/guides-mont-blanc.com\/en\/cor-des-alpes-au-sommet-de-leiger\/#breadcrumb","itemListElement":[{"@type":"ListItem","position":1,"name":"Accueil","item":"https:\/\/guides-mont-blanc.com\/en\/"},{"@type":"ListItem","position":2,"name":"Cor des Alpes au sommet de l&rsquo;Eiger"}]},{"@type":"WebSite","@id":"https:\/\/guides-mont-blanc.com\/en\/#website","url":"https:\/\/guides-mont-blanc.com\/en\/","name":"Compagnie des Guides","description":"La Compagnie des Guides de Saint-Gervais \/ Les Contamines","publisher":{"@id":"https:\/\/guides-mont-blanc.com\/en\/#organization"},"potentialAction":[{"@type":"SearchAction","target":{"@type":"EntryPoint","urlTemplate":"https:\/\/guides-mont-blanc.com\/en\/?s={search_term_string}"},"query-input":{"@type":"PropertyValueSpecification","valueRequired":true,"valueName":"search_term_string"}}],"inLanguage":"en-US"},{"@type":"Organization","@id":"https:\/\/guides-mont-blanc.com\/en\/#organization","name":"Compagnie des Guides","url":"https:\/\/guides-mont-blanc.com\/en\/","logo":{"@type":"ImageObject","inLanguage":"en-US","@id":"https:\/\/guides-mont-blanc.com\/en\/#\/schema\/logo\/image\/","url":"https:\/\/guides-mont-blanc.com\/wp-content\/uploads\/2020\/12\/Compagnie-des-Guides-Logo-blanc.svg","contentUrl":"https:\/\/guides-mont-blanc.com\/wp-content\/uploads\/2020\/12\/Compagnie-des-Guides-Logo-blanc.svg","width":135,"height":178,"caption":"Compagnie des Guides"},"image":{"@id":"https:\/\/guides-mont-blanc.com\/en\/#\/schema\/logo\/image\/"}},{"@type":"Person","@id":"https:\/\/guides-mont-blanc.com\/en\/#\/schema\/person\/5e8173e84aa414e6fed25705c93e4e13","name":"Michael Gut","image":{"@type":"ImageObject","inLanguage":"en-US","@id":"https:\/\/secure.gravatar.com\/avatar\/c9a7cb8e3d1405e82fa1d181b6c5e2f0a64f7c7f61f1dac4e5f6161e57c81173?s=96&d=mm&r=g","url":"https:\/\/secure.gravatar.com\/avatar\/c9a7cb8e3d1405e82fa1d181b6c5e2f0a64f7c7f61f1dac4e5f6161e57c81173?s=96&d=mm&r=g","contentUrl":"https:\/\/secure.gravatar.com\/avatar\/c9a7cb8e3d1405e82fa1d181b6c5e2f0a64f7c7f61f1dac4e5f6161e57c81173?s=96&d=mm&r=g","caption":"Michael Gut"},"url":"https:\/\/guides-mont-blanc.com\/en\/author\/gut-michael\/"}]}},"_links":{"self":[{"href":"https:\/\/guides-mont-blanc.com\/en\/wp-json\/wp\/v2\/posts\/15205","targetHints":{"allow":["GET"]}}],"collection":[{"href":"https:\/\/guides-mont-blanc.com\/en\/wp-json\/wp\/v2\/posts"}],"about":[{"href":"https:\/\/guides-mont-blanc.com\/en\/wp-json\/wp\/v2\/types\/post"}],"author":[{"embeddable":true,"href":"https:\/\/guides-mont-blanc.com\/en\/wp-json\/wp\/v2\/users\/41"}],"replies":[{"embeddable":true,"href":"https:\/\/guides-mont-blanc.com\/en\/wp-json\/wp\/v2\/comments?post=15205"}],"version-history":[{"count":0,"href":"https:\/\/guides-mont-blanc.com\/en\/wp-json\/wp\/v2\/posts\/15205\/revisions"}],"wp:featuredmedia":[{"embeddable":true,"href":"https:\/\/guides-mont-blanc.com\/en\/wp-json\/"}],"wp:attachment":[{"href":"https:\/\/guides-mont-blanc.com\/en\/wp-json\/wp\/v2\/media?parent=15205"}],"wp:term":[{"taxonomy":"category","embeddable":true,"href":"https:\/\/guides-mont-blanc.com\/en\/wp-json\/wp\/v2\/categories?post=15205"},{"taxonomy":"post_tag","embeddable":true,"href":"https:\/\/guides-mont-blanc.com\/en\/wp-json\/wp\/v2\/tags?post=15205"}],"curies":[{"name":"wp","href":"https:\/\/api.w.org\/{rel}","templated":true}]}}