{"id":15017,"date":"2022-11-13T13:32:21","date_gmt":"2022-11-13T12:32:21","guid":{"rendered":"https:\/\/guides-mont-blanc707.e.wpstage.net\/tour-du-mont-blanc-hors-du-commun\/"},"modified":"2022-11-13T13:32:21","modified_gmt":"2022-11-13T12:32:21","slug":"tour-du-mont-blanc-avec-yves","status":"publish","type":"post","link":"https:\/\/guides-mont-blanc.com\/en\/tour-du-mont-blanc-avec-yves\/","title":{"rendered":"Tour du Mont Blanc avec Yves, hors du commun"},"content":{"rendered":"<h1 style=\"text-align: center;\"><img fetchpriority=\"high\" decoding=\"async\" class=\"alignleft wp-image-9314\" src=\"https:\/\/guides-mont-blanc.com\/wp-content\/uploads\/2022\/01\/paysage-Mont-Blanc-1.jpg\" sizes=\"(max-width: 800px) 100vw, 800px\" srcset=\"https:\/\/guides-mont-blanc707.e.wpstage.net\/wp-content\/uploads\/2022\/01\/paysage-Mont-Blanc-1-300x200.jpg 300w, https:\/\/guides-mont-blanc707.e.wpstage.net\/wp-content\/uploads\/2022\/01\/paysage-Mont-Blanc-1.jpg 600w, https:\/\/guides-mont-blanc707.e.wpstage.net\/wp-content\/uploads\/2022\/01\/paysage-Mont-Blanc-1-768x512.jpg 768w, https:\/\/guides-mont-blanc707.e.wpstage.net\/wp-content\/uploads\/2022\/01\/paysage-Mont-Blanc-1.jpg 800w\" alt=\"Tour du Mont Blanc avec Yves - 1\" width=\"596\" height=\"397\" \/><span style=\"color: #0000ff;\">Tour du Mont Blanc avec Yves, en 7 jours<\/span><\/h1>\n<h2 style=\"text-align: center;\"><span style=\"color: #cc99ff;\">Un parcours hors du commun<\/span><\/h2>\n<h2 style=\"text-align: center;\">\u00a07 jours et 6 nuits avec sac l\u00e9ger,<\/h2>\n<h2 style=\"text-align: center;\">par un guide-accompagnateur nature professionnel : Yves Jacquemoud<\/h2>\n<p><a class=\"atbtn\" href=\"https:\/\/guides-mont-blanc.com\/wp-content\/uploads\/2021\/10\/FT-Tour-du-Mont-Blanc-7j-2023.pdf\" target=\"_blank\" rel=\"noopener\">D\u00e9couvrez la fiche technique de notre Tour du Mont Blanc en 7 jours<\/a><\/p>\n<p><a href=\"https:\/\/guides-mont-blanc.com\/activite-voyages\/tour-mont-blanc\/\">Retrouvez la page du TMB avec les infos et la possibilit\u00e9 de r\u00e9server<\/a><\/p>\n<p>Cette randonn\u00e9e itin\u00e9rante du Tour du Mont Blanc avec Yves en 7 jours est peut-\u00eatre la plus connue par le grand public Mais connue ne veut pas dire syst\u00e9matiquement trop fr\u00e9quent\u00e9e, comme on l&#8217;entend dire par erreur trop souvent!<\/p>\n<p>Sauf si, bien s\u00fbr, vous avez achet\u00e9 \u00e0 la librairie du coin le topo-guide d\u00e9di\u00e9 \u00e0 mettre tout le monde au m\u00eame endroit (et souvent) \u00e0 la m\u00eame heure !!! Sacril\u00e8ge.<\/p>\n<p>En ce qui me concerne, \u00e9tant Guide Naturaliste au sein de la Compagnie des Guides et Accompagnateurs de St Gervais\/Les Contamines, cest le 20 juillet 2019 au soir autour dun pot daccueil que je rencontre pour la premi\u00e8re fois une dizaine de randonneurs venant de divers horizons.<\/p>\n<p>Tout en r\u00e9pondant \u00e0 leurs multiples et l\u00e9gitimes questions, jen profite pour les remercier de leur confiance.<\/p>\n<p>Jen profite \u00e9galement pour leur parler du futur de notre semaine sportive en montagne (en fait commencer ma journ\u00e9e de r\u00e9glages !) Nos recoins inoubliables, nos passages hors-sentiers faciles et agr\u00e9ables qui nous permettent d\u00eatre tr\u00e8s seuls dans ces contr\u00e9es, les explications sur la nature que nous allons essayer de faire, enfin quoi, visiter les paysages du Mont Blanc \u00e0 leurs justes valeurs !<\/p>\n<p>Pour \u00eatre honn\u00eate, certaines personnes avaient lair enchant\u00e9es Dautres un peu plus dubitatives voire d\u00e9rout\u00e9es !<\/p>\n<p>&nbsp;<\/p>\n\n<h3><strong>\u00a0<\/strong><strong><span style=\"color: #0000ff;\">LE PREMIER JOUR DE RANDONNEE SUR LE TOUR DU MONT BLANC 7 JOURS AVEC YVES :<\/span><\/strong><\/h3>\n<p>Le lendemain matin, 21 juillet, par un beau temps devenu habituel cette ann\u00e9e l\u00e0 et apr\u00e8s quelques minutes de randonn\u00e9e, je suis bien oblig\u00e9 de commencer mon travail de r\u00e9glage de \u00ab premier jour \u00bb\u00a0 qui, depuis 3 ou 4 ans, est devenu syst\u00e9matique :<\/p>\n<p>(Fais tomber les id\u00e9es pr\u00e9con\u00e7uessi tu veux passer avec ce groupe une bonne semaine !)<\/p>\n<p>Alors je commence inlassablement mon histoire En leur parlant de randonner lentement \u00e0 ma vitesse, de regarder en curieux ce massif montagneux extraordinaire, de prendre le temps de vivre, de toute mani\u00e8re le refuge est r\u00e9serv\u00e9, alors!<\/p>\n<p>Surtout doublier les param\u00e8tres \u00ab intox \u00bb v\u00e9hicul\u00e9s par les m\u00e9dias li\u00e9s aux ultra-trails, (<em>ne pas confondre trail et ultra-trail<\/em>), activit\u00e9 aux antipodes de ce que nous allons faire<\/p>\n<p>Faire de la montagne normalement, lexc\u00e8s n\u00e9tant pas notre tasse de th\u00e9!<\/p>\n<p>Il aura fallu attendre le premier \u00ab salon \u00bb de pique-nique dune tranquillit\u00e9 d\u00e9routante, avec une vue non moins \u00e9tonnante sur le Massif du Mont Blanc pour voir tout le monde heureux d\u00eatre simplement assis le &#8220;c..&#8221; dans lherbe, pardon le post\u00e9rieur dans lherbe.<\/p>\n<p>&nbsp;<\/p>\n<p>&nbsp;<\/p>\n<p><img decoding=\"async\" class=\"alignright wp-image-9328\" src=\"https:\/\/guides-mont-blanc.com\/wp-content\/uploads\/2022\/01\/Ref-Mont-Joly1.jpg\" sizes=\"(max-width: 1024px) 100vw, 1024px\" srcset=\"https:\/\/guides-mont-blanc707.e.wpstage.net\/wp-content\/uploads\/2022\/01\/Ref-Mont-Joly1-300x200.jpg 300w, https:\/\/guides-mont-blanc707.e.wpstage.net\/wp-content\/uploads\/2022\/01\/Ref-Mont-Joly1.jpg 600w, https:\/\/guides-mont-blanc707.e.wpstage.net\/wp-content\/uploads\/2022\/01\/Ref-Mont-Joly1-768x512.jpg 768w, https:\/\/guides-mont-blanc707.e.wpstage.net\/wp-content\/uploads\/2022\/01\/Ref-Mont-Joly1.jpg 1024w, https:\/\/guides-mont-blanc707.e.wpstage.net\/wp-content\/uploads\/2022\/01\/Ref-Mont-Joly1.jpg 1024w\" alt=\"lounge - pendant le Tour du Mont Blanc avec Yves\" width=\"449\" height=\"300\" \/><\/p>\n<p><strong><span style=\"color: #0000ff;\">LE RESTE DE LA SEMAINE :<\/span><\/strong><\/p>\n<p>Les 6 autres jours de la semaine sonneront tous comme de v\u00e9ritables bienfaits pour notre modeste vie de terriens, des beaux exemples de vie en groupe, du partage, de belles histoires, de belles rigolades, des observations en montagne miraculeuses et une nature \u00e0 faire p\u00e2lir tous les artistes peintres\u00a0ou photographes dignes de ce nom!<\/p>\n<p>&nbsp;<\/p>\n<p>Enfin avec un peu dhumour, Merci Elise : je dois reconna\u00eetre que gr\u00e2ce \u00e0 ta montre connect\u00e9e (fabuleux outil moderne certes mais tr\u00e8s polluant c\u00e9r\u00e9bralement \u00e0 mon go\u00fbt!), jaurai appris cette fois que depuis des ann\u00e9es je faisais certaines semaines plus de 100 kilom\u00e8tres autour du Mont Blanc, 6542 m de d\u00e9nivel\u00e9 positif, sans entrer dans la partie ROUGE et que le VERT me va bien !<\/p>\n<p>Et pleins dautres d\u00e9tails que je naurais jamais soup\u00e7onn\u00e9s.<\/p>\n<p>&nbsp;<\/p>\n<h3><span style=\"color: #0000ff;\"><b>RSUM DE CE TOUR DU MONT BLANC AVEC YVES EN 7 JOURS <\/b><\/span><strong><span style=\"color: #0000ff;\">:<\/span><\/strong><\/h3>\n<p>Durant 7 jours, gr\u00e2ce \u00e0 une m\u00e9t\u00e9o favorable, notre groupe soud\u00e9 franchira pas \u00e0 pas tous les obstacles : finalement que cest court 7 jours en montagne quand on a trouv\u00e9 la recette :<\/p>\n<p>Le Col de la Croix du Bonhomme (2500m), la vall\u00e9e des Glaciers, le col de la Seigne (2516m), le val V\u00e9ny,\u00a0 le lac Combal (2000m), le val Ferret italien, le col Ferret , le Val Ferret suisse, le lac de Champex, le val d&#8217;Arpette , lalpage de Bovine, le village dArgenti\u00e8re, le balcon des Aiguilles Rouges de Chamonix, les lacs des Cheserys, les verts alpages au-dessus des Contamines-Montjoie.<\/p>\n<p>Durant cette belle aventure sportive et amicale, Elise, Mike, Elise, Denis, Gregory, Fr\u00e9d\u00e9ric, Jean Luc et Jean Marie :<\/p>\n<ul>\n<li><u>ont \u00e9t\u00e9 Spectateurs<\/u> aux cols, aux sommets, alors qu&#8217;une nouvelle vall\u00e9e s&#8217;en allait au loin devant nous, surplomb\u00e9e par d&#8217;immenses glaciers.<\/li>\n<li><u>ont \u00e9t\u00e9 Acteurs<\/u>&#8230;au sein d&#8217;un groupe pouss\u00e9 par le m\u00eame esprit de d\u00e9couverte et qui au bout de quelques jours partage des histoires, des fous-rires, cette chaleur particuli\u00e8re dune randonn\u00e9e petit sac adapt\u00e9e, organis\u00e9e et encadr\u00e9e en montagne.<\/li>\n<\/ul>\n<p>Ci-dessous, certains participants \u00e0 cette belle aventure en montagne vous laisseront leurs t\u00e9moignages apr\u00e8s le mien !<\/p>\n\n<p><strong>\u00a0 \u00a0 \u00a0 \u00a0 \u00a0 \u00a0 \u00a0 \u00a0 \u00a0 \u00a0 \u00a0 \u00a0 \u00a0 \u00a0 \u00a0 \u00a0 \u00a0 \u00a0 \u00a0 \u00a0 \u00a0 \u00a0 \u00a0 \u00a0 \u00a0 \u00a0 \u00a0 \u00a0 \u00a0 \u00a0 \u00a0 \u00a0 \u00a0 \u00a0 \u00a0 \u00a0 \u00a0 \u00a0 \u00a0<\/strong><\/p>\n\n<p><strong>\u00a0 \u00a0 \u00a0 \u00a0 \u00a0 \u00a0 \u00a0 \u00a0 \u00a0<\/strong><\/p>\n<p>&nbsp;<\/p>\n<p style=\"text-align: center;\"><img decoding=\"async\" class=\"alignnone wp-image-9302 size-full\" src=\"https:\/\/guides-mont-blanc.com\/wp-content\/uploads\/2022\/01\/jacky4.jpg\" sizes=\"(max-width: 2275px) 100vw, 2275px\" srcset=\"https:\/\/guides-mont-blanc707.e.wpstage.net\/wp-content\/uploads\/2022\/01\/jacky4-300x169.jpg 300w, https:\/\/guides-mont-blanc707.e.wpstage.net\/wp-content\/uploads\/2022\/01\/jacky4.jpg 600w, https:\/\/guides-mont-blanc707.e.wpstage.net\/wp-content\/uploads\/2022\/01\/jacky4-768x432.jpg 768w, https:\/\/guides-mont-blanc707.e.wpstage.net\/wp-content\/uploads\/2022\/01\/jacky4-1024x576.jpg 1024w, https:\/\/guides-mont-blanc707.e.wpstage.net\/wp-content\/uploads\/2022\/01\/jacky4.jpg 2275w\" alt=\"Tour du Mont Blanc avec Yves - photo du massif du Mont Blanc par Jacky Gruszka\" width=\"3952\" height=\"2224\" \/><strong>Mont Blanc versant italien \u00a0Photo \u00a0 \u00a0 \u00a0 \u00a0 \u00a0 \u00a0 \u00a0 \u00a0 \u00a0 \u00a0 \u00a0 \u00a0 \u00a0 \u00a0 \u00a0 \u00a0 \u00a0 \u00a0 \u00a0 \u00a0 \u00a0 \u00a0 \u00a0 \u00a0 \u00a0 \u00a9 Jacky Gruszka<\/strong><\/p>\n<p style=\"text-align: left;\"><strong><span style=\"color: #0000ff;\">TEMOIGNAGES des quelques participants au Tour du Mont Blanc :<\/span><\/strong><\/p>\n<h2><strong>De la part de Elise H. (De Normandie) : son avis sur le Tour du Mont Blanc avec Yves<\/strong><\/h2>\n<p>Je te remercie Yves pour ton implication dans ce trek qui m&#8217;a personnellement beaucoup apport\u00e9 : tu as \u00e9t\u00e9 notre guide &#8220;gps&#8221;, pour \u00e7a je m&#8217;y attendais, mais surtout notre guide &#8220;nature&#8221; et je suis surprise par les connaissances \u00e9tendues que tu as pu\/su nous transmettre &#8211; et je suis encore plus surprise de me souvenir d&#8217;au moins 50 % de tout ce dont tu as pu nous abreuver (j&#8217;avoue, sur le nom des fleurs, je n&#8217;en ai retenues que 3 !). Nous avons d&#8217;ailleurs pu, lors de nos randonn\u00e9es au Lac L\u00e9man avec nos enfants, leur expliquer tout un tas de choses sur le massif du Mont Blanc, puisque nous b\u00e9n\u00e9ficiions d&#8217;un panorama unique sur ce sommet mythique. Donc je suis sortie enrichie de ce trek et en cela je t&#8217;en remercie, car \u00e7a, ce n&#8217;\u00e9tait pas n\u00e9cessairement au programme \ud83d\ude42 Au-del\u00e0 de l&#8217;aventure humaine que j&#8217;ai beaucoup appr\u00e9ci\u00e9e, de cette vie en communaut\u00e9 qui s&#8217;est bien d\u00e9roul\u00e9e, sans jamais aucune anicroche &#8230; Pour une fois je me suis laiss\u00e9e porter, guider, on n&#8217;attendait de moi rien d&#8217;autre que de marcher et en terme de bien-\u00eatre et de ressource d&#8217;\u00e9nergie, c&#8217;est id\u00e9al. Et d&#8217;apprendre \u00e0 se d\u00e9penser en dosant l&#8217;effort, en le limitant, en \u00e9coutant son corps et son environnement : j&#8217;ai m\u00eame progress\u00e9 sportivement, j&#8217;en suis certaine !<\/p>\n<p>Me voil\u00e0 donc requinqu\u00e9e.<\/p>\n<p>Je ne regrette donc pas d&#8217;avoir choisi le Bureau des Guides de Saint Gervais pour cette aventure partag\u00e9e avec Mike mon mari : merci \u00e0 l&#8217;\u00e9quipe pour ce programme tr\u00e8s bien organis\u00e9 &#8211; et m\u00fbrement r\u00e9fl\u00e9chi pour le plaisir du voyageur !<\/p>\n<p>Nous conservons tes coordonn\u00e9es car cette aventure nous a tellement plu que je pense que nous la r\u00e9it\u00e9rerons ! Sur un autre massif, pour varier les plaisirs, \u00e9videmment !<\/p>\n<p>Bonne fin de saison \u00e0 toi et j&#8217;esp\u00e8re \u00e0 tr\u00e8s prochainement !<\/p>\n<p>Elise<\/p>\n<p>&nbsp;<\/p>\n<p>&nbsp;<\/p>\n\n<p><strong>Quelques exemples d&#8217;animaux pouvant \u00eatre rencontr\u00e9s durant cette randonn\u00e9e itin\u00e9rante du Tour de Mont Blanc 7 jours !<\/strong><\/p>\n<h3 style=\"text-align: center;\"><span style=\"color: #0000ff;\">Ces images d&#8217;animaux sauvages ont \u00e9t\u00e9 r\u00e9alis\u00e9es \u00e0 90 % sous aff\u00fbt afin de limiter au mieux le d\u00e9rangement de la faune alpine<\/span><\/h3>\n<h3 style=\"text-align: center;\"><span style=\"color: #0000ff;\">et ainsi pouvoir saisir des sc\u00e8nes longues est int\u00e9ressantes! \u00a0 \u00a0 \u00a0 \u00a0 \u00a0 \u00a0 \u00a0 \u00a0\u00a9 Yves JACQUEMOUD<\/span><\/h3>\n<p>&nbsp;<\/p>\n<p>&nbsp;<\/p>\n<h2>De<strong> la part de Gr\u00e9gory, Fr\u00e9d\u00e9ric et Denis, de Hoerdt (Bas Rhin) <\/strong><strong>: leur avis sur le Tour du Mont Blanc avec Yves<\/strong><\/h2>\n<p>Nous avons fait le Tour du Mont Blanc du 21 au 27 juillet 2019 avec la Compagnie des Guides de St Gervais  Les Contamines avec comme objectif de passer une bonne semaine entre amis dans les Alpes.<\/p>\n<p>Objectif atteint\u00a0!<\/p>\n<p>Notre choix sest port\u00e9 sur la Compagnie des Guides de St Gervais  Les Contamines, car nous souhaitions partir avec une organisation \u00ab\u00a0tout compris\u00a0\u00bb, avec un groupe \u00e0 taille humaine (10 pers maxi), voyager sans porter nos bagages, et \u00eatre encadr\u00e9s par un guide professionnel, qui allait nous faire d\u00e9couvrir la montagne et pas uniquement nous faire randonner.<\/p>\n<p>&nbsp;<\/p>\n<p>Nous avons eu la chance de nous retrouver dans un groupe sympathique avec un super guide.<\/p>\n<p>Il connaissait la montagne mieux que sa poche et nous a permis de d\u00e9couvrir des endroits magnifiques, hors des sentiers balis\u00e9s.<\/p>\n<p>Il nous a fait profiter de ses innombrables connaissances tant sur la faune, que la flore, la g\u00e9ologie, lhistoire, au fur et \u00e0 mesure de notre p\u00e9riple.<\/p>\n<p>&nbsp;<\/p>\n<p>Lorganisation a \u00e9t\u00e9 au top, que ce soit dans le choix des <a href=\"https:\/\/www.montourdumontblanc.com\/fr\/index.aspx\">refuges<\/a>, le transport des bagages, la nourriture, le rythme des journ\u00e9es.<\/p>\n<p>Nous avons eu le plaisir de la rando sans sac, avec des chambres avec une bonne literie, des douches chaque jour et des repas succulents.<\/p>\n<p>&nbsp;<\/p>\n<p>Lambiance du groupe a \u00e9t\u00e9 excellente et nous avons appr\u00e9ci\u00e9 chaque jour notre moment d\u00e9change avec la &#8220;petite bi\u00e8re du soir&#8221;.<\/p>\n<p>Cette exp\u00e9rience nous a bien plu, et nous sommes pr\u00eat \u00e0 repartir vers une nouvelle aventure avec la Compagnie des Guides de St Gervais  Les Contamines.<\/p>\n<p>&nbsp;<\/p>\n\n<p style=\"text-align: center;\"><strong>\u00a0 \u00a0 \u00a0 \u00a0 \u00a0 \u00a0 \u00a0 \u00a0 \u00a0 \u00a0 \u00a0 \u00a0 \u00a0 \u00a0 \u00a0 \u00a0 \u00a0<\/strong><\/p>\n<p>&nbsp;<\/p>\n<p>&nbsp;<\/p>\n","protected":false},"excerpt":{"rendered":"<p>Tour du Mont Blanc avec Yves, en 7 jours Un parcours hors du commun \u00a07 jours et 6 nuits avec sac l\u00e9ger, par un guide-accompagnateur nature professionnel : Yves Jacquemoud D\u00e9couvrez la fiche technique de notre Tour du Mont Blanc en 7 jours Retrouvez la page du TMB avec les infos et la possibilit\u00e9 de [&hellip;]<\/p>\n","protected":false},"author":11,"featured_media":13355,"comment_status":"closed","ping_status":"closed","sticky":false,"template":"","format":"standard","meta":{"footnotes":""},"categories":[96,107,249],"tags":[197,235,236,237,239,257,253,258,259,241,110,111,254,242,243,255,244,246,248,250,251,256,252],"class_list":["post-15017","post","type-post","status-publish","format-standard","has-post-thumbnail","hentry","category-montagne","category-randonnee-journee","category-tour-du-mont-blanc","tag-accompagnateur-montagne","tag-auberges","tag-authentique","tag-compagnie-des-guides-st-gervais-les-contamines","tag-convivial","tag-experience","tag-flore-exceptionnelle","tag-groupe","tag-hors-du-commun","tag-hors-sentiers","tag-massif-du-mont-blanc","tag-mont-blanc","tag-montagne","tag-panorama-glaciaire","tag-petits-groupes","tag-randonnee-itinerante","tag-refuges","tag-tmb-7-jours","tag-tmb-suivi-de-bagages","tag-tour-du-mont-blanc-7-jours","tag-tour-du-mont-blanc-les-contamines-montjoie","tag-tour-du-mont-blanc-sacs-legers","tag-tour-du-mont-blanc"],"yoast_head":"<!-- This site is optimized with the Yoast SEO plugin v27.4 - https:\/\/yoast.com\/product\/yoast-seo-wordpress\/ -->\n<title>Tour du Mont Blanc avec Yves, hors du commun - Compagnie des Guides<\/title>\n<meta name=\"description\" content=\"Notre Tour du Mont Blanc en 7 jours, avec notre accompagnateur Yves. Itin\u00e9raires hors du commun et \u00e0 l&#039;\u00e9cart des foules.\" \/>\n<meta name=\"robots\" content=\"index, follow, max-snippet:-1, max-image-preview:large, max-video-preview:-1\" \/>\n<link rel=\"canonical\" href=\"https:\/\/guides-mont-blanc.com\/en\/tour-du-mont-blanc-avec-yves\/\" \/>\n<meta property=\"og:locale\" content=\"en_US\" \/>\n<meta property=\"og:type\" content=\"article\" \/>\n<meta property=\"og:title\" content=\"Tour du Mont Blanc avec Yves, hors du commun - Compagnie des Guides\" \/>\n<meta property=\"og:description\" content=\"Notre Tour du Mont Blanc en 7 jours, avec notre accompagnateur Yves. Itin\u00e9raires hors du commun et \u00e0 l&#039;\u00e9cart des foules.\" \/>\n<meta property=\"og:url\" content=\"https:\/\/guides-mont-blanc.com\/en\/tour-du-mont-blanc-avec-yves\/\" \/>\n<meta property=\"og:site_name\" content=\"Compagnie des Guides\" \/>\n<meta property=\"article:published_time\" content=\"2022-11-13T12:32:21+00:00\" \/>\n<meta name=\"author\" content=\"Yves Jacquemoud\" \/>\n<meta name=\"twitter:card\" content=\"summary_large_image\" \/>\n<meta name=\"twitter:label1\" content=\"Written by\" \/>\n\t<meta name=\"twitter:data1\" content=\"Yves Jacquemoud\" \/>\n\t<meta name=\"twitter:label2\" content=\"Est. reading time\" \/>\n\t<meta name=\"twitter:data2\" content=\"9 minutes\" \/>\n<script type=\"application\/ld+json\" class=\"yoast-schema-graph\">{\"@context\":\"https:\\\/\\\/schema.org\",\"@graph\":[{\"@type\":\"Article\",\"@id\":\"https:\\\/\\\/guides-mont-blanc.com\\\/en\\\/tour-du-mont-blanc-avec-yves\\\/#article\",\"isPartOf\":{\"@id\":\"https:\\\/\\\/guides-mont-blanc.com\\\/en\\\/tour-du-mont-blanc-avec-yves\\\/\"},\"author\":{\"name\":\"Yves Jacquemoud\",\"@id\":\"https:\\\/\\\/guides-mont-blanc.com\\\/en\\\/#\\\/schema\\\/person\\\/7e3c7a0cb58809ced5823b4c35bc66da\"},\"headline\":\"Tour du Mont Blanc avec Yves, hors du commun\",\"datePublished\":\"2022-11-13T12:32:21+00:00\",\"mainEntityOfPage\":{\"@id\":\"https:\\\/\\\/guides-mont-blanc.com\\\/en\\\/tour-du-mont-blanc-avec-yves\\\/\"},\"wordCount\":1613,\"publisher\":{\"@id\":\"https:\\\/\\\/guides-mont-blanc.com\\\/en\\\/#organization\"},\"image\":{\"@id\":\"https:\\\/\\\/guides-mont-blanc.com\\\/en\\\/tour-du-mont-blanc-avec-yves\\\/#primaryimage\"},\"thumbnailUrl\":\"\",\"keywords\":[\"accompagnateur montagne\",\"auberges\",\"Authentique\",\"compagnie des guides St Gervais\\\/les Contamines\",\"convivial\",\"exp\u00e9rience\",\"flore exceptionnelle\",\"groupe\",\"Hors du commun\",\"hors-sentiers\",\"massif du mont blanc\",\"Mont Blanc\",\"montagne\",\"panorama glaciaire\",\"petits groupes\",\"randonn\u00e9e itin\u00e9rante\",\"refuges\",\"tmb 7 jours\",\"tmb suivi de bagages\",\"Tour du Mont Blanc 7 jours\",\"Tour du Mont Blanc Les Contamines-Montjoie\",\"Tour du Mont Blanc sacs l\u00e9gers\",\"tour du mont-blanc\"],\"articleSection\":[\"Montagne\",\"Randonn\u00e9e \u00e0 la journ\u00e9e\",\"Tour du Mont Blanc\"],\"inLanguage\":\"en-US\"},{\"@type\":\"WebPage\",\"@id\":\"https:\\\/\\\/guides-mont-blanc.com\\\/en\\\/tour-du-mont-blanc-avec-yves\\\/\",\"url\":\"https:\\\/\\\/guides-mont-blanc.com\\\/en\\\/tour-du-mont-blanc-avec-yves\\\/\",\"name\":\"Tour du Mont Blanc avec Yves, hors du commun - Compagnie des Guides\",\"isPartOf\":{\"@id\":\"https:\\\/\\\/guides-mont-blanc.com\\\/en\\\/#website\"},\"primaryImageOfPage\":{\"@id\":\"https:\\\/\\\/guides-mont-blanc.com\\\/en\\\/tour-du-mont-blanc-avec-yves\\\/#primaryimage\"},\"image\":{\"@id\":\"https:\\\/\\\/guides-mont-blanc.com\\\/en\\\/tour-du-mont-blanc-avec-yves\\\/#primaryimage\"},\"thumbnailUrl\":\"\",\"datePublished\":\"2022-11-13T12:32:21+00:00\",\"description\":\"Notre Tour du Mont Blanc en 7 jours, avec notre accompagnateur Yves. Itin\u00e9raires hors du commun et \u00e0 l'\u00e9cart des foules.\",\"breadcrumb\":{\"@id\":\"https:\\\/\\\/guides-mont-blanc.com\\\/en\\\/tour-du-mont-blanc-avec-yves\\\/#breadcrumb\"},\"inLanguage\":\"en-US\",\"potentialAction\":[{\"@type\":\"ReadAction\",\"target\":[\"https:\\\/\\\/guides-mont-blanc.com\\\/en\\\/tour-du-mont-blanc-avec-yves\\\/\"]}]},{\"@type\":\"ImageObject\",\"inLanguage\":\"en-US\",\"@id\":\"https:\\\/\\\/guides-mont-blanc.com\\\/en\\\/tour-du-mont-blanc-avec-yves\\\/#primaryimage\",\"url\":\"\",\"contentUrl\":\"\"},{\"@type\":\"BreadcrumbList\",\"@id\":\"https:\\\/\\\/guides-mont-blanc.com\\\/en\\\/tour-du-mont-blanc-avec-yves\\\/#breadcrumb\",\"itemListElement\":[{\"@type\":\"ListItem\",\"position\":1,\"name\":\"Accueil\",\"item\":\"https:\\\/\\\/guides-mont-blanc.com\\\/en\\\/\"},{\"@type\":\"ListItem\",\"position\":2,\"name\":\"Tour du Mont Blanc avec Yves, hors du commun\"}]},{\"@type\":\"WebSite\",\"@id\":\"https:\\\/\\\/guides-mont-blanc.com\\\/en\\\/#website\",\"url\":\"https:\\\/\\\/guides-mont-blanc.com\\\/en\\\/\",\"name\":\"Compagnie des Guides\",\"description\":\"La Compagnie des Guides de Saint-Gervais \\\/ Les Contamines\",\"publisher\":{\"@id\":\"https:\\\/\\\/guides-mont-blanc.com\\\/en\\\/#organization\"},\"potentialAction\":[{\"@type\":\"SearchAction\",\"target\":{\"@type\":\"EntryPoint\",\"urlTemplate\":\"https:\\\/\\\/guides-mont-blanc.com\\\/en\\\/?s={search_term_string}\"},\"query-input\":{\"@type\":\"PropertyValueSpecification\",\"valueRequired\":true,\"valueName\":\"search_term_string\"}}],\"inLanguage\":\"en-US\"},{\"@type\":\"Organization\",\"@id\":\"https:\\\/\\\/guides-mont-blanc.com\\\/en\\\/#organization\",\"name\":\"Compagnie des Guides\",\"url\":\"https:\\\/\\\/guides-mont-blanc.com\\\/en\\\/\",\"logo\":{\"@type\":\"ImageObject\",\"inLanguage\":\"en-US\",\"@id\":\"https:\\\/\\\/guides-mont-blanc.com\\\/en\\\/#\\\/schema\\\/logo\\\/image\\\/\",\"url\":\"https:\\\/\\\/guides-mont-blanc.com\\\/wp-content\\\/uploads\\\/2020\\\/12\\\/Compagnie-des-Guides-Logo-blanc.svg\",\"contentUrl\":\"https:\\\/\\\/guides-mont-blanc.com\\\/wp-content\\\/uploads\\\/2020\\\/12\\\/Compagnie-des-Guides-Logo-blanc.svg\",\"width\":135,\"height\":178,\"caption\":\"Compagnie des Guides\"},\"image\":{\"@id\":\"https:\\\/\\\/guides-mont-blanc.com\\\/en\\\/#\\\/schema\\\/logo\\\/image\\\/\"}},{\"@type\":\"Person\",\"@id\":\"https:\\\/\\\/guides-mont-blanc.com\\\/en\\\/#\\\/schema\\\/person\\\/7e3c7a0cb58809ced5823b4c35bc66da\",\"name\":\"Yves Jacquemoud\",\"image\":{\"@type\":\"ImageObject\",\"inLanguage\":\"en-US\",\"@id\":\"https:\\\/\\\/secure.gravatar.com\\\/avatar\\\/57fca4bfcf0642d8589c4503063ab2f010e6d98fb7ae32e5ec11d3bcb226dc5e?s=96&d=mm&r=g\",\"url\":\"https:\\\/\\\/secure.gravatar.com\\\/avatar\\\/57fca4bfcf0642d8589c4503063ab2f010e6d98fb7ae32e5ec11d3bcb226dc5e?s=96&d=mm&r=g\",\"contentUrl\":\"https:\\\/\\\/secure.gravatar.com\\\/avatar\\\/57fca4bfcf0642d8589c4503063ab2f010e6d98fb7ae32e5ec11d3bcb226dc5e?s=96&d=mm&r=g\",\"caption\":\"Yves Jacquemoud\"},\"url\":\"https:\\\/\\\/guides-mont-blanc.com\\\/en\\\/author\\\/jacquemoud-yves\\\/\"}]}<\/script>\n<!-- \/ Yoast SEO plugin. -->","yoast_head_json":{"title":"Tour du Mont Blanc avec Yves, hors du commun - Compagnie des Guides","description":"Notre Tour du Mont Blanc en 7 jours, avec notre accompagnateur Yves. Itin\u00e9raires hors du commun et \u00e0 l'\u00e9cart des foules.","robots":{"index":"index","follow":"follow","max-snippet":"max-snippet:-1","max-image-preview":"max-image-preview:large","max-video-preview":"max-video-preview:-1"},"canonical":"https:\/\/guides-mont-blanc.com\/en\/tour-du-mont-blanc-avec-yves\/","og_locale":"en_US","og_type":"article","og_title":"Tour du Mont Blanc avec Yves, hors du commun - Compagnie des Guides","og_description":"Notre Tour du Mont Blanc en 7 jours, avec notre accompagnateur Yves. Itin\u00e9raires hors du commun et \u00e0 l'\u00e9cart des foules.","og_url":"https:\/\/guides-mont-blanc.com\/en\/tour-du-mont-blanc-avec-yves\/","og_site_name":"Compagnie des Guides","article_published_time":"2022-11-13T12:32:21+00:00","author":"Yves Jacquemoud","twitter_card":"summary_large_image","twitter_misc":{"Written by":"Yves Jacquemoud","Est. reading time":"9 minutes"},"schema":{"@context":"https:\/\/schema.org","@graph":[{"@type":"Article","@id":"https:\/\/guides-mont-blanc.com\/en\/tour-du-mont-blanc-avec-yves\/#article","isPartOf":{"@id":"https:\/\/guides-mont-blanc.com\/en\/tour-du-mont-blanc-avec-yves\/"},"author":{"name":"Yves Jacquemoud","@id":"https:\/\/guides-mont-blanc.com\/en\/#\/schema\/person\/7e3c7a0cb58809ced5823b4c35bc66da"},"headline":"Tour du Mont Blanc avec Yves, hors du commun","datePublished":"2022-11-13T12:32:21+00:00","mainEntityOfPage":{"@id":"https:\/\/guides-mont-blanc.com\/en\/tour-du-mont-blanc-avec-yves\/"},"wordCount":1613,"publisher":{"@id":"https:\/\/guides-mont-blanc.com\/en\/#organization"},"image":{"@id":"https:\/\/guides-mont-blanc.com\/en\/tour-du-mont-blanc-avec-yves\/#primaryimage"},"thumbnailUrl":"","keywords":["accompagnateur montagne","auberges","Authentique","compagnie des guides St Gervais\/les Contamines","convivial","exp\u00e9rience","flore exceptionnelle","groupe","Hors du commun","hors-sentiers","massif du mont blanc","Mont Blanc","montagne","panorama glaciaire","petits groupes","randonn\u00e9e itin\u00e9rante","refuges","tmb 7 jours","tmb suivi de bagages","Tour du Mont Blanc 7 jours","Tour du Mont Blanc Les Contamines-Montjoie","Tour du Mont Blanc sacs l\u00e9gers","tour du mont-blanc"],"articleSection":["Montagne","Randonn\u00e9e \u00e0 la journ\u00e9e","Tour du Mont Blanc"],"inLanguage":"en-US"},{"@type":"WebPage","@id":"https:\/\/guides-mont-blanc.com\/en\/tour-du-mont-blanc-avec-yves\/","url":"https:\/\/guides-mont-blanc.com\/en\/tour-du-mont-blanc-avec-yves\/","name":"Tour du Mont Blanc avec Yves, hors du commun - Compagnie des Guides","isPartOf":{"@id":"https:\/\/guides-mont-blanc.com\/en\/#website"},"primaryImageOfPage":{"@id":"https:\/\/guides-mont-blanc.com\/en\/tour-du-mont-blanc-avec-yves\/#primaryimage"},"image":{"@id":"https:\/\/guides-mont-blanc.com\/en\/tour-du-mont-blanc-avec-yves\/#primaryimage"},"thumbnailUrl":"","datePublished":"2022-11-13T12:32:21+00:00","description":"Notre Tour du Mont Blanc en 7 jours, avec notre accompagnateur Yves. Itin\u00e9raires hors du commun et \u00e0 l'\u00e9cart des foules.","breadcrumb":{"@id":"https:\/\/guides-mont-blanc.com\/en\/tour-du-mont-blanc-avec-yves\/#breadcrumb"},"inLanguage":"en-US","potentialAction":[{"@type":"ReadAction","target":["https:\/\/guides-mont-blanc.com\/en\/tour-du-mont-blanc-avec-yves\/"]}]},{"@type":"ImageObject","inLanguage":"en-US","@id":"https:\/\/guides-mont-blanc.com\/en\/tour-du-mont-blanc-avec-yves\/#primaryimage","url":"","contentUrl":""},{"@type":"BreadcrumbList","@id":"https:\/\/guides-mont-blanc.com\/en\/tour-du-mont-blanc-avec-yves\/#breadcrumb","itemListElement":[{"@type":"ListItem","position":1,"name":"Accueil","item":"https:\/\/guides-mont-blanc.com\/en\/"},{"@type":"ListItem","position":2,"name":"Tour du Mont Blanc avec Yves, hors du commun"}]},{"@type":"WebSite","@id":"https:\/\/guides-mont-blanc.com\/en\/#website","url":"https:\/\/guides-mont-blanc.com\/en\/","name":"Compagnie des Guides","description":"La Compagnie des Guides de Saint-Gervais \/ Les Contamines","publisher":{"@id":"https:\/\/guides-mont-blanc.com\/en\/#organization"},"potentialAction":[{"@type":"SearchAction","target":{"@type":"EntryPoint","urlTemplate":"https:\/\/guides-mont-blanc.com\/en\/?s={search_term_string}"},"query-input":{"@type":"PropertyValueSpecification","valueRequired":true,"valueName":"search_term_string"}}],"inLanguage":"en-US"},{"@type":"Organization","@id":"https:\/\/guides-mont-blanc.com\/en\/#organization","name":"Compagnie des Guides","url":"https:\/\/guides-mont-blanc.com\/en\/","logo":{"@type":"ImageObject","inLanguage":"en-US","@id":"https:\/\/guides-mont-blanc.com\/en\/#\/schema\/logo\/image\/","url":"https:\/\/guides-mont-blanc.com\/wp-content\/uploads\/2020\/12\/Compagnie-des-Guides-Logo-blanc.svg","contentUrl":"https:\/\/guides-mont-blanc.com\/wp-content\/uploads\/2020\/12\/Compagnie-des-Guides-Logo-blanc.svg","width":135,"height":178,"caption":"Compagnie des Guides"},"image":{"@id":"https:\/\/guides-mont-blanc.com\/en\/#\/schema\/logo\/image\/"}},{"@type":"Person","@id":"https:\/\/guides-mont-blanc.com\/en\/#\/schema\/person\/7e3c7a0cb58809ced5823b4c35bc66da","name":"Yves Jacquemoud","image":{"@type":"ImageObject","inLanguage":"en-US","@id":"https:\/\/secure.gravatar.com\/avatar\/57fca4bfcf0642d8589c4503063ab2f010e6d98fb7ae32e5ec11d3bcb226dc5e?s=96&d=mm&r=g","url":"https:\/\/secure.gravatar.com\/avatar\/57fca4bfcf0642d8589c4503063ab2f010e6d98fb7ae32e5ec11d3bcb226dc5e?s=96&d=mm&r=g","contentUrl":"https:\/\/secure.gravatar.com\/avatar\/57fca4bfcf0642d8589c4503063ab2f010e6d98fb7ae32e5ec11d3bcb226dc5e?s=96&d=mm&r=g","caption":"Yves Jacquemoud"},"url":"https:\/\/guides-mont-blanc.com\/en\/author\/jacquemoud-yves\/"}]}},"_links":{"self":[{"href":"https:\/\/guides-mont-blanc.com\/en\/wp-json\/wp\/v2\/posts\/15017","targetHints":{"allow":["GET"]}}],"collection":[{"href":"https:\/\/guides-mont-blanc.com\/en\/wp-json\/wp\/v2\/posts"}],"about":[{"href":"https:\/\/guides-mont-blanc.com\/en\/wp-json\/wp\/v2\/types\/post"}],"author":[{"embeddable":true,"href":"https:\/\/guides-mont-blanc.com\/en\/wp-json\/wp\/v2\/users\/11"}],"replies":[{"embeddable":true,"href":"https:\/\/guides-mont-blanc.com\/en\/wp-json\/wp\/v2\/comments?post=15017"}],"version-history":[{"count":0,"href":"https:\/\/guides-mont-blanc.com\/en\/wp-json\/wp\/v2\/posts\/15017\/revisions"}],"wp:featuredmedia":[{"embeddable":true,"href":"https:\/\/guides-mont-blanc.com\/en\/wp-json\/"}],"wp:attachment":[{"href":"https:\/\/guides-mont-blanc.com\/en\/wp-json\/wp\/v2\/media?parent=15017"}],"wp:term":[{"taxonomy":"category","embeddable":true,"href":"https:\/\/guides-mont-blanc.com\/en\/wp-json\/wp\/v2\/categories?post=15017"},{"taxonomy":"post_tag","embeddable":true,"href":"https:\/\/guides-mont-blanc.com\/en\/wp-json\/wp\/v2\/tags?post=15017"}],"curies":[{"name":"wp","href":"https:\/\/api.w.org\/{rel}","templated":true}]}}