{"id":14550,"date":"2018-09-13T14:00:10","date_gmt":"2018-09-13T12:00:10","guid":{"rendered":"https:\/\/guides-mont-blanc707.e.wpstage.net\/2018\/09\/13\/arrete-mittellegi-a-leiger\/"},"modified":"2018-09-13T14:00:10","modified_gmt":"2018-09-13T12:00:10","slug":"arrete-mittellegi-a-leiger","status":"publish","type":"post","link":"https:\/\/guides-mont-blanc.com\/en\/arrete-mittellegi-a-leiger\/","title":{"rendered":"Arr\u00eate Mittellegi \u00e0 l&#8217;Eiger"},"content":{"rendered":"<p>&nbsp;<\/p>\n<p>Mardi 28 ao\u00fbt 2018, le soleil ne va pas tarder \u00e0 \u00e9clairer la gare la Kleine Sheidegg, 2061m d&#8217;altitude! Nous avons pris le premier train depuis Grindelwald, o\u00f9 nous avions pass\u00e9 la nuit, et nous sommes l\u00e0, tout petits au pied de la face nord de l&#8217;Eiger! Nous observons son arr\u00eate nord-est, larr\u00eate Mittellegi ; difficile de r\u00e9aliser quon va y passer notre journ\u00e9e alors que nous sommes tout en bas dans la vall\u00e9e!<\/p>\n<p>Cette montagne tous les alpinistes r\u00eavent de la voir de pr\u00e8s! Quentin qui maccompagne aujourdhui se rappelle encore que je lui parlais de lEiger quand nous \u00e9tions en \u00e9cole dinfirmiers&#8230; Une partie importante de l&#8217;histoire de l&#8217;alpinisme s&#8217;est jou\u00e9e dans cette face nord ; dans les ann\u00e9es 30 elle constituait un des d\u00e9fis les plus importants des Alpes, une des trois grandes faces nord convoit\u00e9es \u00e0 cause de leur extr\u00eame difficult\u00e9.<\/p>\n<p>&nbsp;<\/p>\n<figure id=\"attachment_6292\" aria-describedby=\"caption-attachment-6292\" style=\"width: 748px\" class=\"wp-caption aligncenter\"><img fetchpriority=\"high\" decoding=\"async\" class=\"wp-image-6292 size-large\" src=\"https:\/\/guides-mont-blanc.com\/wp-content\/uploads\/2018\/09\/1.-Train-de-la-Jungfrau-sur-fond-dEiger-et-de-Monch-1024x768.jpg\" alt=\"Train de la Jungfrau sur fond d'Eiger et de M\u00f6nch\" width=\"748\" height=\"561\" \/><figcaption id=\"caption-attachment-6292\" class=\"wp-caption-text\">Train de la Jungfrau sur fond d&#8217;Eiger et de M\u00f6nch<\/figcaption><\/figure>\n<p>&nbsp;<\/p>\n<h2 style=\"text-align: center;\"><span style=\"text-decoration: underline;\"><strong>Petit historique de cette montagne :<\/strong><\/span><\/h2>\n<p><em>En 1931, les fr\u00e8res Franz et Tony Schmid ouvrent le bal dans la face nord du <strong>Cervin<\/strong>, ayant fait le trajet Munich-Zermatt \u00e0 v\u00e9lo. <\/em><\/p>\n<p><em>Puis en 1935 la face nord des <strong>Grandes Jorasses<\/strong> est gravie via l&#8217;\u00e9peron Croz par Martin Meiers et Rudolf Peters. L&#8217;anecdote veut que deux cord\u00e9es les suivaient, sans le savoir : les italiens Giusto Gervasutti &#8211; Renato Chabod et les suisses Raymond Lambert &#8211; Loulou Boulaz. Ils ont r\u00e9ussi \u00e9galement \u00e0 sortir la voie&#8230;mais 24 heures trop tard pour la premi\u00e8re! <\/em><\/p>\n<p><em>Pour la face nord de l&#8217;<strong>Eiger<\/strong>, l&#8217;histoire a \u00e9t\u00e9 plus compliqu\u00e9e&#8230; L&#8217;Ogre a repouss\u00e9 un bon nombre de cord\u00e9e, certaines faisant demi-tour suffisamment t\u00f4t, d&#8217;autre se tuant dans leur tentative. Les essais \u00e9taient suivis \u00e0 la longue vue depuis l&#8217;h\u00f4tel Bellevue des Alpes \u00e0 la station de la Kleine Sheidegg, et donc les drames ont \u00e9t\u00e9 suivis en direct&#8230; Le plus connu reste celui de l&#8217;allemand Tony Kurz ; encord\u00e9 avec Andreas Hinterstoisser, les deux hommes parviennent \u00e0 grimper tr\u00e8s haut dans la face, joignant finalement leurs efforts \u00e0 ceux d&#8217;une autre cord\u00e9e, Autrichienne (Angerer et Rainer). Mais une chute de pierre les force \u00e0 faire demi-tour pour rapatrier Angerer bless\u00e9 \u00e0 la t\u00eate. Pendant la descente une avalanche emporte les quatre hommes, encore attach\u00e9s \u00e0 la paroi. Seul Tony Kurz survit, mais il est seul, et doit passer plusieurs nuits en paroi, par mauvais temps. Trois jours plus tard une caravane de secours parvient \u00e0 monter en dessous de lui via les galeries du train, et \u00e0 organiser son secours. Kurz r\u00e9ussit \u00e0 couper les cordes le reliant encore \u00e0 ses camarades, \u00e0 les d\u00e9tresser pour en faire une longue ficelle qu&#8217;il envoie aux secours. Ces derniers y attachent une corde solide pour qu&#8217;il puisse descendre en rappel jusqu&#8217;\u00e0 eux. Mais cette corde est trop courte et ils sont contraints de rajouter un autre brin de corde, qu&#8217;ils relient par un nud ; malheureusement Tony Kurz est trop affaibli, et s&#8217;il parvint \u00e0 descendre en rappel, il n&#8217;arriva jamais \u00e0 passer ce nud, coinc\u00e9 dans son mousqueton. Il meurt d&#8217;\u00e9puisement quelques m\u00e8tres au dessus des secouristes&#8230;<\/em><\/p>\n<p><em>Il faudra attendre deux ans pour que la face nord de l&#8217;Eiger soit gravie, en juillet 1938, par une double cord\u00e9e Austro-Allemande : Fritz Kasparek &#8211; Heinrich Harrer (personnage principal de l&#8217;histoire de &#8220;7 ans au Tibet&#8221;) et Anderl Heckmair &#8211; Ludwig Vo<\/em>rg.<\/p>\n<p>Apr\u00e8s cette page d&#8217;histoire revenons au pr\u00e9sent!<\/p>\n<p>&nbsp;<\/p>\n<p>&nbsp;<\/p>\n<h2 style=\"text-align: center;\"><strong><span style=\"text-decoration: underline;\">Mardi 28 ao\u00fbt 2018 :<\/span><\/strong><\/h2>\n<p>8h, nous nous appr\u00eatons \u00e0 monter dans<a href=\"https:\/\/www.jungfrau.ch\/fr-ch\/\" target=\"_blank\" rel=\"noopener\"> le c\u00e9l\u00e8bre train de la Jungfrau<\/a>, le train \u00e0 cr\u00e9maill\u00e8re le plus haut d&#8217;Europe! Inaugur\u00e9 en 1912 apr\u00e8s 16 ans de travaux, il am\u00e8ne tous les jours un bon nombre de personnes \u00e0 3454m d&#8217;altitude dans la station de la Jungfraujoch, plut\u00f4t irr\u00e9elle&#8230; et un peu d\u00e9mesur\u00e9e!<\/p>\n<p>&nbsp;<\/p>\n<p>Mais aujourd&#8217;hui pas de visite du &#8220;top of europe&#8221; pour nous, nous descendons \u00e0 l&#8217;avant derni\u00e8re station, &#8220;Eismeer&#8221;, car nous avons un projet plus montagnard!<\/p>\n<p>Premi\u00e8re \u00e9tape et premi\u00e8re difficult\u00e9 de la journ\u00e9e : r\u00e9ussir \u00e0 quitter la station Eismeer \ud83d\ude00<\/p>\n\n<p>&nbsp;<\/p>\n<p>En effet, pour s&#8217;extraire de ces galeries impressionnantes creus\u00e9es dans la roche, il faut d&#8217;abord trouver la porte secr\u00e8te donnant acc\u00e8s aux escaliers souterrains qui permettent de sortir de la paroi 100m plus bas et de rejoindre le glacier! Frontales sur le casque, nous commen\u00e7ons la course dans les escaliers souterrains d&#8217;Eismeer. Finalement c&#8217;est rapide, et 10min plus tard nous sortons \u00e0 l&#8217;air libre sur une petite terrasse rocheuse. 50m de d\u00e9sescalade plus tard et nous voil\u00e0 sur le glacier d&#8217;Ischmeer, crampons au pied, piolet \u00e0 la main, encord\u00e9s et pr\u00eat \u00e0 zigzaguer entre les grosses crevasses qui composent ce glacier.<\/p>\n<p>L&#8217;approche n&#8217;est pas tr\u00e8s longue, et c&#8217;est environ 600m plus loin et apr\u00e8s une petite mont\u00e9e raide et rapide que nous prenons pied sur les rochers du versant sud de l&#8217;Eiger. De l\u00e0 nous suivons une longue vire rocheuse, un &#8220;chemin \u00e0 bouquetins&#8221; qui demande davoir le pied montagnard, \u00a0jusqu&#8217;\u00e0 la Mittellegih\u00fctte, perch\u00e9e sur l&#8217;arr\u00eate Est de l&#8217;Eiger, \u00e0 3354m d&#8217;altitude.<\/p>\n<p>&nbsp;<\/p>\n\n<p>&nbsp;<\/p>\n<p>Nous jetons un rapide coup dil dans le bivouac dhiver en forme de \u00a0tonneau, quand nous entendons lh\u00e9lico arriver. Il vient en effet d\u00e9poser la gardienne qui pr\u00e9pare son rangement de fin de saison.<\/p>\n<p>Apr\u00e8s un petit bonjour \u00e0 la ma\u00eetresse des lieux, nous nous mettons en route sur notre arr\u00eate, plut\u00f4t large et peu pentue. La progression se fait en marchant ensemble au d\u00e9but,\u00a0puis les premiers ressauts se pr\u00e9sentent.<\/p>\n<p>&nbsp;<\/p>\n\n<p>&nbsp;<\/p>\n<p>Lescalade est assez facile, pas tr\u00e8s raide, sur un rocher calcaire correct mais demandant un peu dattention. Quentin qui est plus adepte du ski que de lescalade sen sort \u00e0 merveille, malgr\u00e9 les prises de pied plut\u00f4t plates et dures \u00e0 \u00ab gratonner \u00bb en chaussures dalpinisme!<\/p>\n<p>Une demie-heure plus tard nous trouvons la premi\u00e8re corde fixe de la course ; le rocher se raidit, mais les prises sont l\u00e0, alors nous jouons le jeu tous les deux de ne pas lutiliser.<\/p>\n<p>&nbsp;<\/p>\n\n<p>&nbsp;<\/p>\n<p>Le rythme est trouv\u00e9, nous continuons notre progression en tirant des mini longueurs sur ce calcaire compact.<\/p>\n<p>&nbsp;<\/p>\n\n<p>&nbsp;<\/p>\n<p>2h30 apr\u00e8s avoir quitt\u00e9 le refuge, nous nous accordons une pause casse-cro\u00fbte au soleil, avant le passage de la Grosser Turm, un gros gendarme caract\u00e9ristique a 3688m.<\/p>\n<p>&nbsp;<\/p>\n<figure id=\"attachment_6316\" aria-describedby=\"caption-attachment-6316\" style=\"width: 748px\" class=\"wp-caption aligncenter\"><img decoding=\"async\" class=\"wp-image-6316 size-large\" src=\"https:\/\/guides-mont-blanc.com\/wp-content\/uploads\/2018\/09\/13.-le-glacier-plat-dEmigschneefald-borde-a-gauche-du-groupe-des-Fiescherhorn-et-a-droite-du-Trugberg-1024x768.jpg\" alt=\"Le glacier plat d'Emigschneef\u00e4ld, bord\u00e9 \u00e0 gauche du groupe des Fiescherhorn et \u00e0 droite du Trugberg\" width=\"748\" height=\"561\" \/><figcaption id=\"caption-attachment-6316\" class=\"wp-caption-text\">Le glacier plat d&#8217;Emigschneef\u00e4ld, bord\u00e9 \u00e0 gauche du groupe des Fiescherhorn et \u00e0 droite du Trugberg<\/figcaption><\/figure>\n<p>&nbsp;<\/p>\n<p>Tour d&#8217;horizon des sommets voisins, tous grandioses soit dit en passant, et nous repartons, direction le sommet de la Grosser Turm! Pas de grosse difficult\u00e9 pour y grimper, mais son sommet est a\u00e9rien et demande des qualit\u00e9s d\u00e9quilibriste pour y passer debout et non \u00e0 quatre pattes! Nous redescendons de lautre c\u00f4t\u00e9 par un petit rappel peu raide de 25m\u00a0.<\/p>\n<p>Arriv\u00e9s \u00e0 la br\u00e8che nous attaquons les fameux 200m de cordes fixes, ce qui nous permet davancer rapidement, et de rattraper un peu du temps de notre longue pause pic-nic! Lescalade y est plus raide que sur le d\u00e9but de larr\u00eate, et se passe principalement sur le versant nord de lEiger, plus aust\u00e8re et plus gazeux! On rencontre un peu de neige et de glace, contrastant avec la verdure de Grindelwald 2700m plus bas!<\/p>\n<p>&nbsp;<\/p>\n\n<p>&nbsp;<\/p>\n<p>Une heure plus tard nous laissons les cordes fixes derri\u00e8re nous, mais lescalade nest pas finie! Fini de tirer sur les biceps, il faut se remettre \u00e0 r\u00e9fl\u00e9chir et \u00e0 bien poser les pieds. Quentin me surprend par son aisance dans ce terrain o\u00f9 il faut r\u00e9fl\u00e9chir un peu et tester les prises!<\/p>\n<p>Une petite incursion en face nord \u00a0nous donne un aper\u00e7u du terrain de sortie des voies techniques de lEiger! a na pas lair facile!<\/p>\n<p>Puis nous nous remettons en route au plus\u00a0pr\u00e8s du fil de larr\u00eate, sur lequel nous retrouvons le soleil \u00e0 16h30. Encore quelques petites longueurs et nous mettons les crampons pour terminer larr\u00eate qui est d\u00e9sormais mixte. Bien que plus facile, le chemin jusquau sommet demande encore pas mal dattention et d\u00e9quilibre, et cest \u00e0 presque 18h que nous y arrivons!<\/p>\n<p>Vive les longues et belles journ\u00e9es sans orages!<\/p>\n<p>&nbsp;<\/p>\n\n<p>&nbsp;<\/p>\n<p>Malgr\u00e9 lheure nous nous accordons trois minutes pour immortaliser linstant ; cest pas tous les jours quon monte \u00e0 lEiger!<\/p>\n<p>&nbsp;<\/p>\n<p>Puis en route vers le bas, le glacier, le refuge, la bi\u00e8re et la soupe!<\/p>\n<p>La descente de lEiger nous prend environ 1h30, terrain de r\u00eave pour des bouquetins, un peu moins pour nous! Le cheminement est assez instinctif, visant les zones les moins raides et le rocher le plus sain possible. Des grands pieux et quelques relais sont en place pour assurer les passages les plus raides, ce qui me permet de gagner du temps en moulinant Quentin et en tirant des petits rappels. La fin de la descente et lheure avanc\u00e9e nous mettent un coup de boost, et nous rejoignons le N\u00f6rdlishes Eigerjoch \u00e0 grands pas!<\/p>\n<p>&nbsp;<\/p>\n\n<p>&nbsp;<\/p>\n<p>19h30, nous y sommes, nous d\u00e9gainons les frontales, buvons une gorg\u00e9e deau, avalons un g\u00e2teau et nous repartons sur larr\u00eate qui s\u00e9pare les deux \u00ab Eigerjoch \u00bb, arr\u00eate enflamm\u00e9e par le coucher de soleil!<\/p>\n<p>&nbsp;<\/p>\n<p>Cest parti pour une chevauch\u00e9e mixte de 2 heures! Une pente en glace nous remet dans le bain du cramponnage, puis du beau granit orang\u00e9 et une pente de neige nous permettent\u00a0de passer sous le premier sommet. Petite chemin\u00e9e raide, passage a\u00e9rien, travers\u00e9es avec de belles \u00e9cailles dans les mains, lescalade est jolie et jamais difficile, mais la fatigue commence \u00e0 se faire sentir!<\/p>\n<p>Nous allumons les frontales et continuons davancer. Chaque petit sommet en cachant un autre, cette chevauch\u00e9e commence \u00e0 tirer sur la patience de mon compagnon, qui garde n\u00e9anmoins bon moral! Allez courage, cest le dernier! &#8230;ou presque! Allez encore un dernier&#8230;ou pas!<\/p>\n<p>A 22h cest la bonne, le dernier sommet est 100m devant nous, et juste derri\u00e8re on aper\u00e7oit enfin la neige du S\u00fcdlishes\u00a0Eigerjoch, et surprise&#8230; une frontale! Un petit phare dans la nuit! Alexis, mon coll\u00e8ge de la <a href=\"https:\/\/guides-mont-blanc.com\/cresta-signal-mont-rose\/\" target=\"_blank\" rel=\"noopener\">Cresta Signal<\/a>, guide \u00e0 <a href=\"https:\/\/guides-mont-blanc.com\/\" target=\"_blank\" rel=\"noopener\">Saint Gervais<\/a>, avait fait la course plus t\u00f4t le m\u00eame jour, et est revenu \u00e0 notre rencontre, apportant bi\u00e8res, cacahu\u00e8tes et bouteille deau!<\/p>\n<p>Cest donc sous les \u00e9toiles que nous d\u00e9gustons une bi\u00e8re locale, ravito personnel dans la derni\u00e8re ligne droite de notre ultra trail de lEiger!<\/p>\n<p>&nbsp;<\/p>\n<figure id=\"attachment_6342\" aria-describedby=\"caption-attachment-6342\" style=\"width: 225px\" class=\"wp-caption aligncenter\"><img decoding=\"async\" class=\"wp-image-6342 size-medium\" src=\"https:\/\/guides-mont-blanc.com\/wp-content\/uploads\/2018\/09\/30.-retour-a-la-belle-etoile-sur-le-glacier-direction-la-Moenchsjockhutte-et-ses-lits-douillets-225x300.jpg\" alt=\"Retour \u00e0 la belle \u00e9toile sur le glacier, direction la M\u00f6enchsjockh\u00fctte et ses lits douillets!\" width=\"225\" height=\"300\" \/><figcaption id=\"caption-attachment-6342\" class=\"wp-caption-text\">Retour \u00e0 la belle \u00e9toile sur le glacier, direction la M\u00f6enchsjockh\u00fctte et ses lits douillets!<\/figcaption><\/figure>\n<p>&nbsp;<\/p>\n<p>La partie est presque finie, nous restons tout de m\u00eame concentr\u00e9s sur le glacier qui nous cache quelques grosses crevasses pas forc\u00e9ment tr\u00e8s visibles de nuit! Tomber dans un trou cest d\u00e9j\u00e0 pas marrant, mais y tomber dans le noir&#8230; bref, on va \u00e9viter!<\/p>\n<p>Une fois descendus sur le grand plateau glaciaire dEmigschneerf\u00e4ld (qui ne rapporte pas tant de points au Scrabble&#8230;), la remont\u00e9e \u00e0 la M\u00f6nchsjochh\u00fctte se fait sans les frontales, au clair de lune et sous la vo\u00fbte c\u00e9leste ; lambiance est totalement irr\u00e9elle et magique, et cest tout juste si nous nencha\u00eenons pas sur la travers\u00e9e du M\u00f6nch!<\/p>\n<p>Mais il est 23h et la soupe nous attend, la bi\u00e8re aussi, les gardiennes \u00e9tant rest\u00e9es debout jusqu\u00e0 notre arriv\u00e9e!<\/p>\n<p>Sen suit un effondrement sur nos lits, la t\u00eate encore dans ce beau voyage!<\/p>\n<p>Demain est un autre jour&#8230;!<\/p>\n<p>&nbsp;<\/p>\n<h2 style=\"text-align: center;\"><span style=\"text-decoration: underline;\"><b><i>pilogue<\/i><\/b> :<\/span><\/h2>\n<p>Les jambes un peu raides et les yeux fatigu\u00e9s, cest sous un ciel laiteux que nous allons jouer les touristes dans la station de la Jungfraujoch. Bienvenue dans la d\u00e9mesure ; tyroliennes, jardin denfant, observatoire astronomique et practice de golf, tout yest! On peut m\u00eame y acheter une superbe montre Tissot, et qui sait, peut-\u00eatre ouvrir un compte en Suisse! Le d\u00e9paysement est total et nous sommes contents dembarquer \u00e0 bord du train de la\u00a0Jungfrau pour redescendre au pied de notre belle et aust\u00e8re face nord de lEiger.<\/p>\n<p>A travers la vitre on cherche le cheminement de la voie\u00a0Heckmair, but dun prochain voyage ici&#8230;?<\/p>\n<p>&nbsp;<\/p>\n<figure id=\"attachment_6346\" aria-describedby=\"caption-attachment-6346\" style=\"width: 748px\" class=\"wp-caption aligncenter\"><img loading=\"lazy\" decoding=\"async\" class=\"wp-image-6346 size-large\" src=\"https:\/\/guides-mont-blanc.com\/wp-content\/uploads\/2018\/09\/32.-Comme-toute-les-belles-course-le-debrief-se-fait-en-terrasse-au-soleil-face-a-notre-sommet-Ici-a-Grindelwald-1024x768.jpg\" alt=\"Et comme toute les belles courses, le debrief se fait au bar face \u00e0 la montagne!\" width=\"748\" height=\"561\" \/><figcaption id=\"caption-attachment-6346\" class=\"wp-caption-text\">Et comme toute les belles courses, le debrief se fait au bar face \u00e0 la montagne!<\/figcaption><\/figure>\n<p>&nbsp;<\/p>\n<p>Suivez toutes nos courses sur <a href=\"https:\/\/www.facebook.com\/guidesmontblanc\/?ref=bookmarks\" target=\"_blank\" rel=\"noopener\">facebook <\/a>et sur <a href=\"https:\/\/guides-mont-blanc.com\/blog\/\" target=\"_blank\" rel=\"noopener\">notre site<\/a>!<\/p>\n","protected":false},"excerpt":{"rendered":"<p>&nbsp; Mardi 28 ao\u00fbt 2018, le soleil ne va pas tarder \u00e0 \u00e9clairer la gare la Kleine Sheidegg, 2061m d&#8217;altitude! Nous avons pris le premier train depuis Grindelwald, o\u00f9 nous avions pass\u00e9 la nuit, et nous sommes l\u00e0, tout petits au pied de la face nord de l&#8217;Eiger! Nous observons son arr\u00eate nord-est, larr\u00eate Mittellegi [&hellip;]<\/p>\n","protected":false},"author":22,"featured_media":13323,"comment_status":"closed","ping_status":"closed","sticky":false,"template":"","format":"standard","meta":{"footnotes":""},"categories":[91,131,96],"tags":[113,162,163,123,97],"class_list":["post-14550","post","type-post","status-publish","format-standard","has-post-thumbnail","hentry","category-alpinisme","category-escalade","category-montagne","tag-alpinisme","tag-eiger","tag-mittellegi","tag-oberland","tag-sommet-mythique"],"yoast_head":"<!-- This site is optimized with the Yoast SEO plugin v27.4 - https:\/\/yoast.com\/product\/yoast-seo-wordpress\/ -->\n<title>Arr\u00eate Mittellegi \u00e0 l&#039;Eiger - Compagnie des Guides<\/title>\n<meta name=\"robots\" content=\"index, follow, max-snippet:-1, max-image-preview:large, max-video-preview:-1\" \/>\n<link rel=\"canonical\" href=\"https:\/\/guides-mont-blanc.com\/en\/arrete-mittellegi-a-leiger\/\" \/>\n<meta property=\"og:locale\" content=\"en_US\" \/>\n<meta property=\"og:type\" content=\"article\" \/>\n<meta property=\"og:title\" content=\"Arr\u00eate Mittellegi \u00e0 l&#039;Eiger - Compagnie des Guides\" \/>\n<meta property=\"og:description\" content=\"&nbsp; Mardi 28 ao\u00fbt 2018, le soleil ne va pas tarder \u00e0 \u00e9clairer la gare la Kleine Sheidegg, 2061m d&#8217;altitude! Nous avons pris le premier train depuis Grindelwald, o\u00f9 nous avions pass\u00e9 la nuit, et nous sommes l\u00e0, tout petits au pied de la face nord de l&#8217;Eiger! Nous observons son arr\u00eate nord-est, larr\u00eate Mittellegi [&hellip;]\" \/>\n<meta property=\"og:url\" content=\"https:\/\/guides-mont-blanc.com\/en\/arrete-mittellegi-a-leiger\/\" \/>\n<meta property=\"og:site_name\" content=\"Compagnie des Guides\" \/>\n<meta property=\"article:published_time\" content=\"2018-09-13T12:00:10+00:00\" \/>\n<meta name=\"author\" content=\"Sarah Blanc\" \/>\n<meta name=\"twitter:card\" content=\"summary_large_image\" \/>\n<meta name=\"twitter:label1\" content=\"Written by\" \/>\n\t<meta name=\"twitter:data1\" content=\"Sarah Blanc\" \/>\n\t<meta name=\"twitter:label2\" content=\"Est. reading time\" \/>\n\t<meta name=\"twitter:data2\" content=\"12 minutes\" \/>\n<script type=\"application\/ld+json\" class=\"yoast-schema-graph\">{\"@context\":\"https:\\\/\\\/schema.org\",\"@graph\":[{\"@type\":\"Article\",\"@id\":\"https:\\\/\\\/guides-mont-blanc.com\\\/en\\\/arrete-mittellegi-a-leiger\\\/#article\",\"isPartOf\":{\"@id\":\"https:\\\/\\\/guides-mont-blanc.com\\\/en\\\/arrete-mittellegi-a-leiger\\\/\"},\"author\":{\"name\":\"Sarah Blanc\",\"@id\":\"https:\\\/\\\/guides-mont-blanc.com\\\/en\\\/#\\\/schema\\\/person\\\/b28ea601fe4d04924aa2dc958077261d\"},\"headline\":\"Arr\u00eate Mittellegi \u00e0 l&#8217;Eiger\",\"datePublished\":\"2018-09-13T12:00:10+00:00\",\"mainEntityOfPage\":{\"@id\":\"https:\\\/\\\/guides-mont-blanc.com\\\/en\\\/arrete-mittellegi-a-leiger\\\/\"},\"wordCount\":2190,\"publisher\":{\"@id\":\"https:\\\/\\\/guides-mont-blanc.com\\\/en\\\/#organization\"},\"image\":{\"@id\":\"https:\\\/\\\/guides-mont-blanc.com\\\/en\\\/arrete-mittellegi-a-leiger\\\/#primaryimage\"},\"thumbnailUrl\":\"\",\"keywords\":[\"alpinisme\",\"Eiger\",\"Mittellegi\",\"Oberland\",\"sommet mythique\"],\"articleSection\":[\"Alpinisme\",\"Escalade\",\"Montagne\"],\"inLanguage\":\"en-US\"},{\"@type\":\"WebPage\",\"@id\":\"https:\\\/\\\/guides-mont-blanc.com\\\/en\\\/arrete-mittellegi-a-leiger\\\/\",\"url\":\"https:\\\/\\\/guides-mont-blanc.com\\\/en\\\/arrete-mittellegi-a-leiger\\\/\",\"name\":\"Arr\u00eate Mittellegi \u00e0 l'Eiger - Compagnie des Guides\",\"isPartOf\":{\"@id\":\"https:\\\/\\\/guides-mont-blanc.com\\\/en\\\/#website\"},\"primaryImageOfPage\":{\"@id\":\"https:\\\/\\\/guides-mont-blanc.com\\\/en\\\/arrete-mittellegi-a-leiger\\\/#primaryimage\"},\"image\":{\"@id\":\"https:\\\/\\\/guides-mont-blanc.com\\\/en\\\/arrete-mittellegi-a-leiger\\\/#primaryimage\"},\"thumbnailUrl\":\"\",\"datePublished\":\"2018-09-13T12:00:10+00:00\",\"breadcrumb\":{\"@id\":\"https:\\\/\\\/guides-mont-blanc.com\\\/en\\\/arrete-mittellegi-a-leiger\\\/#breadcrumb\"},\"inLanguage\":\"en-US\",\"potentialAction\":[{\"@type\":\"ReadAction\",\"target\":[\"https:\\\/\\\/guides-mont-blanc.com\\\/en\\\/arrete-mittellegi-a-leiger\\\/\"]}]},{\"@type\":\"ImageObject\",\"inLanguage\":\"en-US\",\"@id\":\"https:\\\/\\\/guides-mont-blanc.com\\\/en\\\/arrete-mittellegi-a-leiger\\\/#primaryimage\",\"url\":\"\",\"contentUrl\":\"\"},{\"@type\":\"BreadcrumbList\",\"@id\":\"https:\\\/\\\/guides-mont-blanc.com\\\/en\\\/arrete-mittellegi-a-leiger\\\/#breadcrumb\",\"itemListElement\":[{\"@type\":\"ListItem\",\"position\":1,\"name\":\"Accueil\",\"item\":\"https:\\\/\\\/guides-mont-blanc.com\\\/en\\\/\"},{\"@type\":\"ListItem\",\"position\":2,\"name\":\"Arr\u00eate Mittellegi \u00e0 l&rsquo;Eiger\"}]},{\"@type\":\"WebSite\",\"@id\":\"https:\\\/\\\/guides-mont-blanc.com\\\/en\\\/#website\",\"url\":\"https:\\\/\\\/guides-mont-blanc.com\\\/en\\\/\",\"name\":\"Compagnie des Guides\",\"description\":\"La Compagnie des Guides de Saint-Gervais \\\/ Les Contamines\",\"publisher\":{\"@id\":\"https:\\\/\\\/guides-mont-blanc.com\\\/en\\\/#organization\"},\"potentialAction\":[{\"@type\":\"SearchAction\",\"target\":{\"@type\":\"EntryPoint\",\"urlTemplate\":\"https:\\\/\\\/guides-mont-blanc.com\\\/en\\\/?s={search_term_string}\"},\"query-input\":{\"@type\":\"PropertyValueSpecification\",\"valueRequired\":true,\"valueName\":\"search_term_string\"}}],\"inLanguage\":\"en-US\"},{\"@type\":\"Organization\",\"@id\":\"https:\\\/\\\/guides-mont-blanc.com\\\/en\\\/#organization\",\"name\":\"Compagnie des Guides\",\"url\":\"https:\\\/\\\/guides-mont-blanc.com\\\/en\\\/\",\"logo\":{\"@type\":\"ImageObject\",\"inLanguage\":\"en-US\",\"@id\":\"https:\\\/\\\/guides-mont-blanc.com\\\/en\\\/#\\\/schema\\\/logo\\\/image\\\/\",\"url\":\"https:\\\/\\\/guides-mont-blanc.com\\\/wp-content\\\/uploads\\\/2020\\\/12\\\/Compagnie-des-Guides-Logo-blanc.svg\",\"contentUrl\":\"https:\\\/\\\/guides-mont-blanc.com\\\/wp-content\\\/uploads\\\/2020\\\/12\\\/Compagnie-des-Guides-Logo-blanc.svg\",\"width\":135,\"height\":178,\"caption\":\"Compagnie des Guides\"},\"image\":{\"@id\":\"https:\\\/\\\/guides-mont-blanc.com\\\/en\\\/#\\\/schema\\\/logo\\\/image\\\/\"}},{\"@type\":\"Person\",\"@id\":\"https:\\\/\\\/guides-mont-blanc.com\\\/en\\\/#\\\/schema\\\/person\\\/b28ea601fe4d04924aa2dc958077261d\",\"name\":\"Sarah Blanc\",\"image\":{\"@type\":\"ImageObject\",\"inLanguage\":\"en-US\",\"@id\":\"https:\\\/\\\/secure.gravatar.com\\\/avatar\\\/e5d38e176a281c6160cad00cd1dbe42d0e60a7522b088e1a988ce682e96d40da?s=96&d=mm&r=g\",\"url\":\"https:\\\/\\\/secure.gravatar.com\\\/avatar\\\/e5d38e176a281c6160cad00cd1dbe42d0e60a7522b088e1a988ce682e96d40da?s=96&d=mm&r=g\",\"contentUrl\":\"https:\\\/\\\/secure.gravatar.com\\\/avatar\\\/e5d38e176a281c6160cad00cd1dbe42d0e60a7522b088e1a988ce682e96d40da?s=96&d=mm&r=g\",\"caption\":\"Sarah Blanc\"},\"url\":\"https:\\\/\\\/guides-mont-blanc.com\\\/en\\\/author\\\/blanc-sarah\\\/\"}]}<\/script>\n<!-- \/ Yoast SEO plugin. -->","yoast_head_json":{"title":"Arr\u00eate Mittellegi \u00e0 l'Eiger - Compagnie des Guides","robots":{"index":"index","follow":"follow","max-snippet":"max-snippet:-1","max-image-preview":"max-image-preview:large","max-video-preview":"max-video-preview:-1"},"canonical":"https:\/\/guides-mont-blanc.com\/en\/arrete-mittellegi-a-leiger\/","og_locale":"en_US","og_type":"article","og_title":"Arr\u00eate Mittellegi \u00e0 l'Eiger - Compagnie des Guides","og_description":"&nbsp; Mardi 28 ao\u00fbt 2018, le soleil ne va pas tarder \u00e0 \u00e9clairer la gare la Kleine Sheidegg, 2061m d&#8217;altitude! Nous avons pris le premier train depuis Grindelwald, o\u00f9 nous avions pass\u00e9 la nuit, et nous sommes l\u00e0, tout petits au pied de la face nord de l&#8217;Eiger! Nous observons son arr\u00eate nord-est, larr\u00eate Mittellegi [&hellip;]","og_url":"https:\/\/guides-mont-blanc.com\/en\/arrete-mittellegi-a-leiger\/","og_site_name":"Compagnie des Guides","article_published_time":"2018-09-13T12:00:10+00:00","author":"Sarah Blanc","twitter_card":"summary_large_image","twitter_misc":{"Written by":"Sarah Blanc","Est. reading time":"12 minutes"},"schema":{"@context":"https:\/\/schema.org","@graph":[{"@type":"Article","@id":"https:\/\/guides-mont-blanc.com\/en\/arrete-mittellegi-a-leiger\/#article","isPartOf":{"@id":"https:\/\/guides-mont-blanc.com\/en\/arrete-mittellegi-a-leiger\/"},"author":{"name":"Sarah Blanc","@id":"https:\/\/guides-mont-blanc.com\/en\/#\/schema\/person\/b28ea601fe4d04924aa2dc958077261d"},"headline":"Arr\u00eate Mittellegi \u00e0 l&#8217;Eiger","datePublished":"2018-09-13T12:00:10+00:00","mainEntityOfPage":{"@id":"https:\/\/guides-mont-blanc.com\/en\/arrete-mittellegi-a-leiger\/"},"wordCount":2190,"publisher":{"@id":"https:\/\/guides-mont-blanc.com\/en\/#organization"},"image":{"@id":"https:\/\/guides-mont-blanc.com\/en\/arrete-mittellegi-a-leiger\/#primaryimage"},"thumbnailUrl":"","keywords":["alpinisme","Eiger","Mittellegi","Oberland","sommet mythique"],"articleSection":["Alpinisme","Escalade","Montagne"],"inLanguage":"en-US"},{"@type":"WebPage","@id":"https:\/\/guides-mont-blanc.com\/en\/arrete-mittellegi-a-leiger\/","url":"https:\/\/guides-mont-blanc.com\/en\/arrete-mittellegi-a-leiger\/","name":"Arr\u00eate Mittellegi \u00e0 l'Eiger - Compagnie des Guides","isPartOf":{"@id":"https:\/\/guides-mont-blanc.com\/en\/#website"},"primaryImageOfPage":{"@id":"https:\/\/guides-mont-blanc.com\/en\/arrete-mittellegi-a-leiger\/#primaryimage"},"image":{"@id":"https:\/\/guides-mont-blanc.com\/en\/arrete-mittellegi-a-leiger\/#primaryimage"},"thumbnailUrl":"","datePublished":"2018-09-13T12:00:10+00:00","breadcrumb":{"@id":"https:\/\/guides-mont-blanc.com\/en\/arrete-mittellegi-a-leiger\/#breadcrumb"},"inLanguage":"en-US","potentialAction":[{"@type":"ReadAction","target":["https:\/\/guides-mont-blanc.com\/en\/arrete-mittellegi-a-leiger\/"]}]},{"@type":"ImageObject","inLanguage":"en-US","@id":"https:\/\/guides-mont-blanc.com\/en\/arrete-mittellegi-a-leiger\/#primaryimage","url":"","contentUrl":""},{"@type":"BreadcrumbList","@id":"https:\/\/guides-mont-blanc.com\/en\/arrete-mittellegi-a-leiger\/#breadcrumb","itemListElement":[{"@type":"ListItem","position":1,"name":"Accueil","item":"https:\/\/guides-mont-blanc.com\/en\/"},{"@type":"ListItem","position":2,"name":"Arr\u00eate Mittellegi \u00e0 l&rsquo;Eiger"}]},{"@type":"WebSite","@id":"https:\/\/guides-mont-blanc.com\/en\/#website","url":"https:\/\/guides-mont-blanc.com\/en\/","name":"Compagnie des Guides","description":"La Compagnie des Guides de Saint-Gervais \/ Les Contamines","publisher":{"@id":"https:\/\/guides-mont-blanc.com\/en\/#organization"},"potentialAction":[{"@type":"SearchAction","target":{"@type":"EntryPoint","urlTemplate":"https:\/\/guides-mont-blanc.com\/en\/?s={search_term_string}"},"query-input":{"@type":"PropertyValueSpecification","valueRequired":true,"valueName":"search_term_string"}}],"inLanguage":"en-US"},{"@type":"Organization","@id":"https:\/\/guides-mont-blanc.com\/en\/#organization","name":"Compagnie des Guides","url":"https:\/\/guides-mont-blanc.com\/en\/","logo":{"@type":"ImageObject","inLanguage":"en-US","@id":"https:\/\/guides-mont-blanc.com\/en\/#\/schema\/logo\/image\/","url":"https:\/\/guides-mont-blanc.com\/wp-content\/uploads\/2020\/12\/Compagnie-des-Guides-Logo-blanc.svg","contentUrl":"https:\/\/guides-mont-blanc.com\/wp-content\/uploads\/2020\/12\/Compagnie-des-Guides-Logo-blanc.svg","width":135,"height":178,"caption":"Compagnie des Guides"},"image":{"@id":"https:\/\/guides-mont-blanc.com\/en\/#\/schema\/logo\/image\/"}},{"@type":"Person","@id":"https:\/\/guides-mont-blanc.com\/en\/#\/schema\/person\/b28ea601fe4d04924aa2dc958077261d","name":"Sarah Blanc","image":{"@type":"ImageObject","inLanguage":"en-US","@id":"https:\/\/secure.gravatar.com\/avatar\/e5d38e176a281c6160cad00cd1dbe42d0e60a7522b088e1a988ce682e96d40da?s=96&d=mm&r=g","url":"https:\/\/secure.gravatar.com\/avatar\/e5d38e176a281c6160cad00cd1dbe42d0e60a7522b088e1a988ce682e96d40da?s=96&d=mm&r=g","contentUrl":"https:\/\/secure.gravatar.com\/avatar\/e5d38e176a281c6160cad00cd1dbe42d0e60a7522b088e1a988ce682e96d40da?s=96&d=mm&r=g","caption":"Sarah Blanc"},"url":"https:\/\/guides-mont-blanc.com\/en\/author\/blanc-sarah\/"}]}},"_links":{"self":[{"href":"https:\/\/guides-mont-blanc.com\/en\/wp-json\/wp\/v2\/posts\/14550","targetHints":{"allow":["GET"]}}],"collection":[{"href":"https:\/\/guides-mont-blanc.com\/en\/wp-json\/wp\/v2\/posts"}],"about":[{"href":"https:\/\/guides-mont-blanc.com\/en\/wp-json\/wp\/v2\/types\/post"}],"author":[{"embeddable":true,"href":"https:\/\/guides-mont-blanc.com\/en\/wp-json\/wp\/v2\/users\/22"}],"replies":[{"embeddable":true,"href":"https:\/\/guides-mont-blanc.com\/en\/wp-json\/wp\/v2\/comments?post=14550"}],"version-history":[{"count":0,"href":"https:\/\/guides-mont-blanc.com\/en\/wp-json\/wp\/v2\/posts\/14550\/revisions"}],"wp:featuredmedia":[{"embeddable":true,"href":"https:\/\/guides-mont-blanc.com\/en\/wp-json\/"}],"wp:attachment":[{"href":"https:\/\/guides-mont-blanc.com\/en\/wp-json\/wp\/v2\/media?parent=14550"}],"wp:term":[{"taxonomy":"category","embeddable":true,"href":"https:\/\/guides-mont-blanc.com\/en\/wp-json\/wp\/v2\/categories?post=14550"},{"taxonomy":"post_tag","embeddable":true,"href":"https:\/\/guides-mont-blanc.com\/en\/wp-json\/wp\/v2\/tags?post=14550"}],"curies":[{"name":"wp","href":"https:\/\/api.w.org\/{rel}","templated":true}]}}